{"id":56474,"date":"2026-03-06T12:34:21","date_gmt":"2026-03-06T18:34:21","guid":{"rendered":"https:\/\/meritmusic.org\/?p=56474"},"modified":"2026-03-09T12:17:03","modified_gmt":"2026-03-09T17:17:03","slug":"clarissa-bevilacqua-spotlight","status":"publish","type":"post","link":"https:\/\/meritmusic.org\/pl\/clarissa-bevilacqua-spotlight\/","title":{"rendered":"Od sob\u00f3t w Merit do \u015bwiatowej sceny: podr\u00f3\u017c Clarissy"},"content":{"rendered":"<div data-elementor-type=\"wp-post\" data-elementor-id=\"56474\" class=\"elementor elementor-56474\" data-elementor-post-type=\"post\">\n\t\t\t\t\t\t<section class=\"elementor-section elementor-top-section elementor-element elementor-element-fc89d16 elementor-section-boxed elementor-section-height-default elementor-section-height-default\" data-id=\"fc89d16\" data-element_type=\"section\" data-e-type=\"section\">\n\t\t\t\t\t\t<div class=\"elementor-container elementor-column-gap-default\">\n\t\t\t\t\t<div class=\"elementor-column elementor-col-100 elementor-top-column elementor-element elementor-element-1986358\" data-id=\"1986358\" data-element_type=\"column\" data-e-type=\"column\">\n\t\t\t<div class=\"elementor-widget-wrap elementor-element-populated\">\n\t\t\t\t\t\t<div class=\"elementor-element elementor-element-588b695 elementor-widget elementor-widget-image\" data-id=\"588b695\" data-element_type=\"widget\" data-e-type=\"widget\" data-widget_type=\"image.default\">\n\t\t\t\t<div class=\"elementor-widget-container\">\n\t\t\t\t\t\t\t\t\t\t\t\t\t\t\t<img fetchpriority=\"high\" decoding=\"async\" width=\"1024\" height=\"768\" src=\"https:\/\/i0.wp.com\/meritmusic.org\/wp-content\/uploads\/2026\/03\/clarissa.jpg?fit=1024%2C768&amp;ssl=1\" class=\"attachment-large size-large wp-image-56490\" alt=\"A headshot of Clarissa Bevilacqua holding a violin\" srcset=\"https:\/\/i0.wp.com\/meritmusic.org\/wp-content\/uploads\/2026\/03\/clarissa.jpg?w=1200&amp;ssl=1 1200w, https:\/\/i0.wp.com\/meritmusic.org\/wp-content\/uploads\/2026\/03\/clarissa.jpg?resize=300%2C225&amp;ssl=1 300w, https:\/\/i0.wp.com\/meritmusic.org\/wp-content\/uploads\/2026\/03\/clarissa.jpg?resize=1024%2C768&amp;ssl=1 1024w, https:\/\/i0.wp.com\/meritmusic.org\/wp-content\/uploads\/2026\/03\/clarissa.jpg?resize=768%2C576&amp;ssl=1 768w, https:\/\/i0.wp.com\/meritmusic.org\/wp-content\/uploads\/2026\/03\/clarissa.jpg?resize=16%2C12&amp;ssl=1 16w\" sizes=\"(max-width: 1000px) 100vw, 1000px\" \/>\t\t\t\t\t\t\t\t\t\t\t\t\t\t\t<\/div>\n\t\t\t\t<\/div>\n\t\t\t\t\t<\/div>\n\t\t<\/div>\n\t\t\t\t\t<\/div>\n\t\t<\/section>\n\t\t\t\t<section class=\"elementor-section elementor-top-section elementor-element elementor-element-d3e1538 elementor-section-boxed elementor-section-height-default elementor-section-height-default\" data-id=\"d3e1538\" data-element_type=\"section\" data-e-type=\"section\">\n\t\t\t\t\t\t<div class=\"elementor-container elementor-column-gap-default\">\n\t\t\t\t\t<div class=\"elementor-column elementor-col-100 elementor-top-column elementor-element elementor-element-1bae3593\" data-id=\"1bae3593\" data-element_type=\"column\" data-e-type=\"column\">\n\t\t\t<div class=\"elementor-widget-wrap elementor-element-populated\">\n\t\t\t\t\t\t<div class=\"elementor-element elementor-element-b8caa6d elementor-widget elementor-widget-text-editor\" data-id=\"b8caa6d\" data-element_type=\"widget\" data-e-type=\"widget\" data-widget_type=\"text-editor.default\">\n\t\t\t\t<div class=\"elementor-widget-container\">\n\t\t\t\t\t\t\t\t\t<center>\n<h5><span class=\"TextRun SCXW136771361 BCX8\" lang=\"EN-US\" xml:lang=\"EN-US\" data-contrast=\"auto\"><span class=\"NormalTextRun SCXW136771361 BCX8\">\u201c<\/span><span class=\"NormalTextRun SCXW136771361 BCX8\">Zas\u0142uga\u00a0<\/span><span class=\"NormalTextRun SCXW136771361 BCX8\">nie jest<\/span><span class=\"NormalTextRun SCXW136771361 BCX8\">\u00a0w\u0142a\u015bnie tam uczyli\u015bmy si\u0119 muzyki \u2014<\/span><span class=\"NormalTextRun SCXW136771361 BCX8\">jego<\/span><span class=\"NormalTextRun SCXW136771361 BCX8\">\u00a0gdzie znale\u017ali\u015bmy naszych ludzi, nasz\u0105 spo\u0142eczno\u015b\u0107, nasz dom. I bez wzgl\u0119du na to, dok\u0105d zaprowadzi nas \u017cycie, ta wi\u0119\u017a\u00a0<\/span><span class=\"NormalTextRun SCXW136771361 BCX8\">pozostaje<\/span><span class=\"NormalTextRun SCXW136771361 BCX8\">.<\/span><span class=\"NormalTextRun SCXW136771361 BCX8\">\u201d<\/span><span class=\"NormalTextRun SCXW136771361 BCX8\">\u00a0<\/span><\/span><span class=\"EOP SCXW136771361 BCX8\" data-ccp-props=\"{&quot;335559738&quot;:240,&quot;335559739&quot;:240}\">\u00a0<\/span><\/h5>\n<\/center>\t\t\t\t\t\t\t\t<\/div>\n\t\t\t\t<\/div>\n\t\t\t\t<div class=\"elementor-element elementor-element-6d173e1 elementor-widget elementor-widget-text-editor\" data-id=\"6d173e1\" data-element_type=\"widget\" data-e-type=\"widget\" data-widget_type=\"text-editor.default\">\n\t\t\t\t<div class=\"elementor-widget-container\">\n\t\t\t\t\t\t\t\t\t<p><span class=\"TextRun SCXW50547793 BCX8\" lang=\"EN-US\" xml:lang=\"EN-US\" data-contrast=\"auto\"><span class=\"NormalTextRun SCXW50547793 BCX8\">Gdy <strong><a href=\"https:\/\/www.clarissabevilacqua.com\/\" target=\"_blank\" rel=\"noopener\">Clarisssa Bevilacqua<\/a><\/strong><\/span><span class=\"NormalTextRun SCXW50547793 BCX8\">\u00a0Mia\u0142a zaledwie sze\u015b\u0107 lat, gdy jej rodzina przeprowadzi\u0142a si\u0119 z W\u0142och do Chicago, a ona znalaz\u0142a si\u0119 w nowym kraju, w kt\u00f3rym ledwo m\u00f3wi\u0142a po angielsku. Ale muzyka sta\u0142a si\u0119 jej uniwersalnym j\u0119zykiem \u2013 a Merit jej domem.<\/span><\/span><span class=\"EOP SCXW50547793 BCX8\" data-ccp-props=\"{&quot;335559738&quot;:240,&quot;335559739&quot;:240}\">\u00a0<\/span><\/p>\t\t\t\t\t\t\t\t<\/div>\n\t\t\t\t<\/div>\n\t\t\t\t<div class=\"elementor-element elementor-element-f2e683e elementor-widget elementor-widget-heading\" data-id=\"f2e683e\" data-element_type=\"widget\" data-e-type=\"widget\" data-widget_type=\"heading.default\">\n\t\t\t\t<div class=\"elementor-widget-container\">\n\t\t\t\t\t<h2 class=\"elementor-heading-title elementor-size-default\">Znalezienie swoich ludzi<\/h2>\t\t\t\t<\/div>\n\t\t\t\t<\/div>\n\t\t\t\t\t<\/div>\n\t\t<\/div>\n\t\t\t\t\t<\/div>\n\t\t<\/section>\n\t\t\t\t<section class=\"elementor-section elementor-top-section elementor-element elementor-element-0a79e44 elementor-section-boxed elementor-section-height-default elementor-section-height-default\" data-id=\"0a79e44\" data-element_type=\"section\" data-e-type=\"section\">\n\t\t\t\t\t\t<div class=\"elementor-container elementor-column-gap-default\">\n\t\t\t\t\t<div class=\"elementor-column elementor-col-100 elementor-top-column elementor-element elementor-element-3bf62d9\" data-id=\"3bf62d9\" data-element_type=\"column\" data-e-type=\"column\">\n\t\t\t<div class=\"elementor-widget-wrap elementor-element-populated\">\n\t\t\t\t\t\t<div class=\"elementor-element elementor-element-b71df43 elementor-widget elementor-widget-text-editor\" data-id=\"b71df43\" data-element_type=\"widget\" data-e-type=\"widget\" data-widget_type=\"text-editor.default\">\n\t\t\t\t<div class=\"elementor-widget-container\">\n\t\t\t\t\t\t\t\t\t<p><span data-contrast=\"auto\">\u201cTo by\u0142o troch\u0119 jak znalezienie swoich ludzi\u201d \u2013 wspomina Clarissa o swoich pocz\u0105tkach w Merit. Zaczynaj\u0105c w <a href=\"https:\/\/meritmusic.org\/pl\/conservatory\/\"><em><strong>Konserwatorium Alice S. Pfaelzer<\/strong><\/em><\/a>\u00a0Kiedy mia\u0142a osiem lat, te sobotnie poranki szybko sta\u0142y si\u0119 punktem kulminacyjnym jej tygodnia. Podczas gdy jej r\u00f3wie\u015bnicy w szkole nie do ko\u0144ca rozumieli jej wielkie marzenia o zostaniu profesjonaln\u0105 skrzypaczk\u0105, w Merit znalaz\u0142a spo\u0142eczno\u015b\u0107, kt\u00f3ra po prostu\u2026 <i>mam to<\/i>.Tam nie by\u0142a odmie\u0144cem \u2013 by\u0142a w domu. \u201cCzu\u0142am si\u0119 tam bezpiecznie. Czu\u0142am, \u017ce naprawd\u0119 mog\u0119 by\u0107 sob\u0105 i odkrywa\u0107 swoj\u0105 sztuk\u0119\u201d.\u201d<\/span><\/p>\n<p><span data-contrast=\"auto\">I to w\u0142a\u015bnie w Merit odnalaz\u0142a co\u015b jeszcze cenniejszego: swoj\u0105 najlepsz\u0105 przyjaci\u00f3\u0142k\u0119, Carly Ryan (z domu Zarate). \u201cZnalaz\u0142am swoj\u0105 najlepsz\u0105 przyjaci\u00f3\u0142k\u0119 na \u015bwiecie, kt\u00f3ra do dzi\u015b jest moj\u0105 przyjaci\u00f3\u0142k\u0105\u201d \u2013 m\u00f3wi z wyra\u017an\u0105 serdeczno\u015bci\u0105. \u201cBy\u0142am druhn\u0105 na jej \u015blubie w maju tego roku. Przyja\u017animy si\u0119 ju\u017c prawie 14 lat!\u201d<\/span><span data-ccp-props=\"{&quot;335559738&quot;:240,&quot;335559739&quot;:240}\">\u00a0<\/span><\/p>\t\t\t\t\t\t\t\t<\/div>\n\t\t\t\t<\/div>\n\t\t\t\t<div class=\"elementor-element elementor-element-36ac72f elementor-widget elementor-widget-image\" data-id=\"36ac72f\" data-element_type=\"widget\" data-e-type=\"widget\" data-widget_type=\"image.default\">\n\t\t\t\t<div class=\"elementor-widget-container\">\n\t\t\t\t\t\t\t\t\t\t\t\t<figure class=\"wp-caption\">\n\t\t\t\t\t\t\t\t\t\t<img decoding=\"async\" width=\"1024\" height=\"768\" src=\"https:\/\/i0.wp.com\/meritmusic.org\/wp-content\/uploads\/2026\/03\/Carly-Zarate-Clarissa-Bevilacqua-Karina-Jacqueline-Fabian-2023.jpg?fit=1024%2C768&amp;ssl=1\" class=\"attachment-large size-large wp-image-56492\" alt=\"\" srcset=\"https:\/\/i0.wp.com\/meritmusic.org\/wp-content\/uploads\/2026\/03\/Carly-Zarate-Clarissa-Bevilacqua-Karina-Jacqueline-Fabian-2023.jpg?w=1200&amp;ssl=1 1200w, https:\/\/i0.wp.com\/meritmusic.org\/wp-content\/uploads\/2026\/03\/Carly-Zarate-Clarissa-Bevilacqua-Karina-Jacqueline-Fabian-2023.jpg?resize=300%2C225&amp;ssl=1 300w, https:\/\/i0.wp.com\/meritmusic.org\/wp-content\/uploads\/2026\/03\/Carly-Zarate-Clarissa-Bevilacqua-Karina-Jacqueline-Fabian-2023.jpg?resize=1024%2C768&amp;ssl=1 1024w, https:\/\/i0.wp.com\/meritmusic.org\/wp-content\/uploads\/2026\/03\/Carly-Zarate-Clarissa-Bevilacqua-Karina-Jacqueline-Fabian-2023.jpg?resize=768%2C576&amp;ssl=1 768w, https:\/\/i0.wp.com\/meritmusic.org\/wp-content\/uploads\/2026\/03\/Carly-Zarate-Clarissa-Bevilacqua-Karina-Jacqueline-Fabian-2023.jpg?resize=16%2C12&amp;ssl=1 16w\" sizes=\"(max-width: 1000px) 100vw, 1000px\" \/>\t\t\t\t\t\t\t\t\t\t\t<figcaption class=\"widget-image-caption wp-caption-text\">Spotkanie absolwentek za granic\u0105! Absolwentki Carly Zarate, Clarissa Bevilacqua, Karina Fabian i Jacqueline Fabian spotka\u0142y si\u0119 ponownie w Pary\u017cu w 2023 roku.<\/figcaption>\n\t\t\t\t\t\t\t\t\t\t<\/figure>\n\t\t\t\t\t\t\t\t\t<\/div>\n\t\t\t\t<\/div>\n\t\t\t\t\t<\/div>\n\t\t<\/div>\n\t\t\t\t\t<\/div>\n\t\t<\/section>\n\t\t\t\t<section class=\"elementor-section elementor-top-section elementor-element elementor-element-a6e53f2 elementor-section-boxed elementor-section-height-default elementor-section-height-default\" data-id=\"a6e53f2\" data-element_type=\"section\" data-e-type=\"section\">\n\t\t\t\t\t\t<div class=\"elementor-container elementor-column-gap-default\">\n\t\t\t\t\t<div class=\"elementor-column elementor-col-100 elementor-top-column elementor-element elementor-element-cfb31f7\" data-id=\"cfb31f7\" data-element_type=\"column\" data-e-type=\"column\">\n\t\t\t<div class=\"elementor-widget-wrap elementor-element-populated\">\n\t\t\t\t\t\t<div class=\"elementor-element elementor-element-313738b elementor-widget elementor-widget-heading\" data-id=\"313738b\" data-element_type=\"widget\" data-e-type=\"widget\" data-widget_type=\"heading.default\">\n\t\t\t\t<div class=\"elementor-widget-container\">\n\t\t\t\t\t<h2 class=\"elementor-heading-title elementor-size-default\">Gdzie ona jest teraz<\/h2>\t\t\t\t<\/div>\n\t\t\t\t<\/div>\n\t\t\t\t<div class=\"elementor-element elementor-element-5ead7bc elementor-widget elementor-widget-text-editor\" data-id=\"5ead7bc\" data-element_type=\"widget\" data-e-type=\"widget\" data-widget_type=\"text-editor.default\">\n\t\t\t\t<div class=\"elementor-widget-container\">\n\t\t\t\t\t\t\t\t\t<p><span data-contrast=\"auto\">Dzi\u015b \u017cycie Clarissy wygl\u0105da jak sen \u2013 cho\u0107 jest to \u017cycie zbudowane na latach po\u015bwi\u0119cenia i praktyki. Mieszka w Berlinie, ma mi\u0119dzynarodowy zarz\u0105d i kontrakt z wytw\u00f3rni\u0105 p\u0142ytow\u0105, a mimo to nieustannie podr\u00f3\u017cuje, by wyst\u0119powa\u0107 na ca\u0142ym \u015bwiecie. \u201cW\u0142a\u015bnie dwa dni temu wr\u00f3ci\u0142am z Hongkongu, a wczoraj mia\u0142am koncert w Mediolanie. A teraz jestem w Berlinie, a jutro lec\u0119 do Egiptu\u201d \u2013 \u015bmieje si\u0119. \u201cTo taki zwyk\u0142y, normalny tydzie\u0144\u201d. Jej nowy album, <\/span><i><span data-contrast=\"auto\">Mozartiana<\/span><\/i><span data-contrast=\"auto\">, ukaza\u0142 si\u0119 6 marca, a ona sama zamyka w sobie swoj\u0105 artystyczn\u0105 wizj\u0119 w spos\u00f3b, kt\u00f3ry oddaje ho\u0142d jej korzeniom w Merit.<\/span><span data-ccp-props=\"{&quot;335559738&quot;:240,&quot;335559739&quot;:240}\">\u00a0<\/span><\/p><p><span data-contrast=\"auto\">A je\u015bli nagrywanie i podr\u00f3\u017ce nie dawa\u0142y jej wystarczaj\u0105co du\u017co zaj\u0119\u0107, cztery lata temu Clarissa za\u0142o\u017cy\u0142a\u00a0<\/span><strong><a href=\"https:\/\/www.dynamikfest.com\/\">Dynamiczny Festiwal<\/a><\/strong><span data-contrast=\"auto\"> z siedzib\u0105 w Salzburgu, stwarzaj\u0105c mo\u017cliwo\u015bci dla pocz\u0105tkuj\u0105cych artyst\u00f3w poni\u017cej 30. roku \u017cycia \u2013 platform\u0119, o jakiej marzy\u0142a, gdy dopiero zaczyna\u0142a swoj\u0105 drog\u0119. Festiwal sta\u0142 si\u0119 jedynym festiwalem muzyki kameralnej w Salzburgu dedykowanym wy\u0142\u0105cznie m\u0142odym artystom i osi\u0105gn\u0105\u0142 co\u015b niezwyk\u0142ego: 40% jego publiczno\u015bci to osoby poni\u017cej 30. roku \u017cycia.<\/span><span data-ccp-props=\"{&quot;335559738&quot;:299,&quot;335559739&quot;:299}\">\u00a0<\/span><\/p><p><span data-contrast=\"auto\">Gdy Clarissa przygotowuje si\u0119 do zabrania jej<strong>\u00a0<\/strong><\/span><strong><a href=\"https:\/\/www.seenworldwide.org\/dynamikfest-chicago-seen-worldwide\">festiwal do Chicago<\/a><\/strong><span data-contrast=\"auto\">\u00a0W przysz\u0142ym roku nie wr\u00f3ci tylko jako artystka go\u015bcinna. Wr\u00f3ci jako rodzina, robi\u0105c to, co robi\u0105 absolwenci Merit: tworz\u0105c mo\u017cliwo\u015bci, buduj\u0105c mosty i dbaj\u0105c o to, by kolejne pokolenie czu\u0142o to samo poczucie przynale\u017cno\u015bci, kt\u00f3re ona odnajdywa\u0142a w sobotnie poranki.<\/span><span data-ccp-props=\"{&quot;335559738&quot;:240,&quot;335559739&quot;:240}\">\u00a0<\/span><\/p>\t\t\t\t\t\t\t\t<\/div>\n\t\t\t\t<\/div>\n\t\t\t\t<div class=\"elementor-element elementor-element-1035463 elementor-widget elementor-widget-text-editor\" data-id=\"1035463\" data-element_type=\"widget\" data-e-type=\"widget\" data-widget_type=\"text-editor.default\">\n\t\t\t\t<div class=\"elementor-widget-container\">\n\t\t\t\t\t\t\t\t\t<center>\n<h5><span class=\"TextRun SCXW53950916 BCX8\" lang=\"EN-US\" xml:lang=\"EN-US\" data-contrast=\"auto\"><span class=\"NormalTextRun SCXW53950916 BCX8\">Nowy album Clarissy<\/span><span class=\"NormalTextRun SCXW53950916 BCX8\">\u00a0<\/span><em><span class=\"NormalTextRun SpellingErrorV2Themed SCXW53950916 BCX8\">Mozartiana<\/span><\/em><span class=\"NormalTextRun SCXW53950916 BCX8\">\u00a0Tylko<\/span><span class=\"NormalTextRun SCXW53950916 BCX8\">\u00a0uwolnienie<\/span><span class=\"NormalTextRun SCXW53950916 BCX8\">D<\/span><span class=\"NormalTextRun SCXW53950916 BCX8\">\u00a0marzec\u00a0<\/span><span class=\"NormalTextRun SCXW53950916 BCX8\">6,\u00a0<\/span><span class=\"NormalTextRun ContextualSpellingAndGrammarErrorV2Themed SCXW53950916 BCX8\">202<\/span><span class=\"NormalTextRun ContextualSpellingAndGrammarErrorV2Themed SCXW53950916 BCX8\">6<\/span><span class=\"NormalTextRun SCXW53950916 BCX8\">\u00a0I\u00a0<\/span><span class=\"NormalTextRun SCXW53950916 BCX8\">jest dost\u0119pny na\u00a0<\/span><\/span><a class=\"Hyperlink SCXW53950916 BCX8\" href=\"https:\/\/open.spotify.com\/artist\/0HgScmS1fJlKVqvSTvL2NB?si=rvoOgbC-Qwm0ugkZ6Z8qKw\" target=\"_blank\" rel=\"noreferrer noopener\"><span class=\"TextRun Underlined SCXW53950916 BCX8\" lang=\"EN-US\" xml:lang=\"EN-US\" data-contrast=\"none\"><span class=\"NormalTextRun SCXW53950916 BCX8\" data-ccp-charstyle=\"Hyperlink\"><span style=\"text-decoration: underline;\"><strong>Spotify<\/strong><\/span><\/span><\/span><\/a><span class=\"TextRun SCXW53950916 BCX8\" lang=\"EN-US\" xml:lang=\"EN-US\" data-contrast=\"auto\"><span class=\"NormalTextRun SCXW53950916 BCX8\">\u00a0Lub\u00a0<\/span><\/span><a class=\"Hyperlink SCXW53950916 BCX8\" href=\"https:\/\/music.apple.com\/us\/album\/mozartiana\/1847912648\" target=\"_blank\" rel=\"noreferrer noopener\"><span class=\"TextRun Underlined SCXW53950916 BCX8\" lang=\"EN-US\" xml:lang=\"EN-US\" data-contrast=\"none\"><span class=\"NormalTextRun SCXW53950916 BCX8\" data-ccp-charstyle=\"Hyperlink\"><span style=\"text-decoration: underline;\"><strong>Apple Music<\/strong><\/span>.<\/span><\/span><\/a><span class=\"TextRun SCXW53950916 BCX8\" lang=\"EN-US\" xml:lang=\"EN-US\" data-contrast=\"auto\"><span class=\"NormalTextRun SCXW53950916 BCX8\">\u00a0Dynamiczny Festiwal\u00a0<\/span><span class=\"NormalTextRun ContextualSpellingAndGrammarErrorV2Themed SCXW53950916 BCX8\">Chicago<\/span><span class=\"NormalTextRun SCXW53950916 BCX8\">\u00a0planowane jest na rok 2026.\u00a0<\/span><\/span><span class=\"EOP TrackedChange SCXW53950916 BCX8\" data-ccp-props=\"{&quot;335559738&quot;:240,&quot;335559739&quot;:240}\">\u00a0<\/span><\/h5>\n<\/center>\t\t\t\t\t\t\t\t<\/div>\n\t\t\t\t<\/div>\n\t\t\t\t\t<\/div>\n\t\t<\/div>\n\t\t\t\t\t<\/div>\n\t\t<\/section>\n\t\t\t\t<section class=\"elementor-section elementor-top-section elementor-element elementor-element-d5e02d4 elementor-section-content-middle elementor-section-boxed elementor-section-height-default elementor-section-height-default\" data-id=\"d5e02d4\" data-element_type=\"section\" data-e-type=\"section\" data-settings=\"{&quot;background_background&quot;:&quot;classic&quot;,&quot;animation&quot;:&quot;none&quot;}\">\n\t\t\t\t\t\t<div class=\"elementor-container elementor-column-gap-no\">\n\t\t\t\t\t<div class=\"elementor-column elementor-col-100 elementor-top-column elementor-element elementor-element-09b5fe3\" data-id=\"09b5fe3\" data-element_type=\"column\" data-e-type=\"column\" data-settings=\"{&quot;background_background&quot;:&quot;classic&quot;}\">\n\t\t\t<div class=\"elementor-widget-wrap elementor-element-populated\">\n\t\t\t\t\t\t<div class=\"elementor-element elementor-element-345e462 elementor-invisible elementor-widget elementor-widget-heading\" data-id=\"345e462\" data-element_type=\"widget\" data-e-type=\"widget\" data-settings=\"{&quot;_animation&quot;:&quot;fadeInRight&quot;}\" data-widget_type=\"heading.default\">\n\t\t\t\t<div class=\"elementor-widget-container\">\n\t\t\t\t\t<h4 class=\"elementor-heading-title elementor-size-default\">B\u0105d\u017a na bie\u017c\u0105co!<\/h4>\t\t\t\t<\/div>\n\t\t\t\t<\/div>\n\t\t\t\t<div class=\"elementor-element elementor-element-d3f48a4 elementor-widget elementor-widget-text-editor\" data-id=\"d3f48a4\" data-element_type=\"widget\" data-e-type=\"widget\" data-widget_type=\"text-editor.default\">\n\t\t\t\t<div class=\"elementor-widget-container\">\n\t\t\t\t\t\t\t\t\t<p><strong><span class=\"TextRun SCXW43738755 BCX8\" lang=\"EN-US\" xml:lang=\"EN-US\" data-contrast=\"auto\"><span class=\"NormalTextRun SCXW43738755 BCX8\">Chcesz si\u0119 zaanga\u017cowa\u0107 i pozosta\u0107 w kontakcie z innymi absolwentami Merit? <\/span><span class=\"NormalTextRun SCXW43738755 BCX8\">Po\u015blubi\u0107<\/span><span class=\"NormalTextRun SCXW43738755 BCX8\">\u00a0kocham\u00a0<\/span><span class=\"NormalTextRun CommentStart CommentHighlightPipeRest CommentHighlightRest SCXW43738755 BCX8\">us\u0142ysze\u0107 od ciebie<\/span><span class=\"NormalTextRun CommentHighlightPipeRest SCXW43738755 BCX8\">\u2014poniewa\u017c to jest tak\u017ce tw\u00f3j dom.<\/span><\/span><span class=\"EOP SCXW43738755 BCX8\" data-ccp-props=\"{&quot;335559738&quot;:240,&quot;335559739&quot;:240}\">\u00a0<\/span><\/strong><\/p>\t\t\t\t\t\t\t\t<\/div>\n\t\t\t\t<\/div>\n\t\t\t\t<div class=\"elementor-element elementor-element-80742b4 elementor-widget elementor-widget-hubspot-form\" data-id=\"80742b4\" data-element_type=\"widget\" data-e-type=\"widget\" data-widget_type=\"hubspot-form.default\">\n\t\t\t\t<div class=\"elementor-widget-container\">\n\t\t\t\t\t\n\t\t\t\t\t\t<script>\n\t\t\t\t\t\t\twindow.hsFormsOnReady = window.hsFormsOnReady || [];\n\t\t\t\t\t\t\twindow.hsFormsOnReady.push(()=>{\n\t\t\t\t\t\t\t\thbspt.forms.create({\n\t\t\t\t\t\t\t\t\tportalId: 20342631,\n\t\t\t\t\t\t\t\t\tformId: \"8a14c312-5999-4ff9-bb6d-1a111faf307c\",\n\t\t\t\t\t\t\t\t\ttarget: \"#hbspt-form-1777326745000-6768825347\",\n\t\t\t\t\t\t\t\t\tregion: \"na1\",\n\t\t\t\t\t\t\t\t\t\n\t\t\t\t\t\t\t})});\n\t\t\t\t\t\t<\/script>\n\t\t\t\t\t\t<div class=\"hbspt-form\" id=\"hbspt-form-1777326745000-6768825347\"><\/div>\t\t\t\t<\/div>\n\t\t\t\t<\/div>\n\t\t\t\t\t<\/div>\n\t\t<\/div>\n\t\t\t\t\t<\/div>\n\t\t<\/section>\n\t\t\t\t<\/div>","protected":false},"excerpt":{"rendered":"<p>\u201cMerit\u00a0isn&#8217;t\u00a0just where we learned music\u2014it&#8217;s\u00a0where we found our people, our community, our home. And no matter where life takes us, that connection\u00a0remains.\u201d\u00a0\u00a0 When Clarisssa Bevilacqua\u00a0was just six years old, her [&hellip;]<\/p>\n","protected":false},"author":10,"featured_media":56490,"comment_status":"closed","ping_status":"closed","sticky":false,"template":"elementor_theme","format":"standard","meta":{"_acf_changed":false,"content-type":"","site-sidebar-layout":"default","site-content-layout":"","ast-site-content-layout":"default","site-content-style":"default","site-sidebar-style":"default","ast-global-header-display":"","ast-banner-title-visibility":"","ast-main-header-display":"","ast-hfb-above-header-display":"","ast-hfb-below-header-display":"","ast-hfb-mobile-header-display":"","site-post-title":"","ast-breadcrumbs-content":"","ast-featured-img":"","footer-sml-layout":"","ast-disable-related-posts":"","theme-transparent-header-meta":"","adv-header-id-meta":"","stick-header-meta":"","header-above-stick-meta":"","header-main-stick-meta":"","header-below-stick-meta":"","astra-migrate-meta-layouts":"set","ast-page-background-enabled":"default","ast-page-background-meta":{"desktop":{"background-color":"var(--ast-global-color-4)","background-image":"","background-repeat":"repeat","background-position":"center center","background-size":"auto","background-attachment":"scroll","background-type":"","background-media":"","overlay-type":"","overlay-color":"","overlay-opacity":"","overlay-gradient":""},"tablet":{"background-color":"","background-image":"","background-repeat":"repeat","background-position":"center center","background-size":"auto","background-attachment":"scroll","background-type":"","background-media":"","overlay-type":"","overlay-color":"","overlay-opacity":"","overlay-gradient":""},"mobile":{"background-color":"","background-image":"","background-repeat":"repeat","background-position":"center center","background-size":"auto","background-attachment":"scroll","background-type":"","background-media":"","overlay-type":"","overlay-color":"","overlay-opacity":"","overlay-gradient":""}},"ast-content-background-meta":{"desktop":{"background-color":"var(--ast-global-color-5)","background-image":"","background-repeat":"repeat","background-position":"center center","background-size":"auto","background-attachment":"scroll","background-type":"","background-media":"","overlay-type":"","overlay-color":"","overlay-opacity":"","overlay-gradient":""},"tablet":{"background-color":"var(--ast-global-color-5)","background-image":"","background-repeat":"repeat","background-position":"center center","background-size":"auto","background-attachment":"scroll","background-type":"","background-media":"","overlay-type":"","overlay-color":"","overlay-opacity":"","overlay-gradient":""},"mobile":{"background-color":"var(--ast-global-color-5)","background-image":"","background-repeat":"repeat","background-position":"center center","background-size":"auto","background-attachment":"scroll","background-type":"","background-media":"","overlay-type":"","overlay-color":"","overlay-opacity":"","overlay-gradient":""}},"_jetpack_memberships_contains_paid_content":false,"footnotes":""},"categories":[143,20],"tags":[],"post_folder":[],"class_list":["post-56474","post","type-post","status-publish","format-standard","has-post-thumbnail","hentry","category-alumni","category-stories"],"acf":[],"yoast_head":"<!-- This site is optimized with the Yoast SEO plugin v27.3 - https:\/\/yoast.com\/product\/yoast-seo-wordpress\/ -->\n<title>From Saturdays\u00a0at Merit\u00a0to the World Stage: Clarissa&#039;s Journey<\/title>\n<meta name=\"description\" content=\"Alum Clarissa Bevilacqua came to Merit as an 8-year-old violinist. From the Conservatory to touring the world, read about Clarissa&#039;s journey.\" \/>\n<meta name=\"robots\" content=\"index, follow, max-snippet:-1, max-image-preview:large, max-video-preview:-1\" \/>\n<link rel=\"canonical\" href=\"https:\/\/meritmusic.org\/pl\/clarissa-bevilacqua-spotlight\/\" \/>\n<meta property=\"og:locale\" content=\"pl_PL\" \/>\n<meta property=\"og:type\" content=\"article\" \/>\n<meta property=\"og:title\" content=\"From Saturdays\u00a0at Merit\u00a0to the World Stage: Clarissa&#039;s Journey\" \/>\n<meta property=\"og:description\" content=\"Alum Clarissa Bevilacqua came to Merit as an 8-year-old violinist. From the Conservatory to touring the world, read about Clarissa&#039;s journey.\" \/>\n<meta property=\"og:url\" content=\"https:\/\/meritmusic.org\/pl\/clarissa-bevilacqua-spotlight\/\" \/>\n<meta property=\"og:site_name\" content=\"Merit School of Music\" \/>\n<meta property=\"article:published_time\" content=\"2026-03-06T18:34:21+00:00\" \/>\n<meta property=\"article:modified_time\" content=\"2026-03-09T17:17:03+00:00\" \/>\n<meta name=\"author\" content=\"Sam Doran\" \/>\n<meta name=\"twitter:card\" content=\"summary_large_image\" \/>\n<meta name=\"twitter:label1\" content=\"Napisane przez\" \/>\n\t<meta name=\"twitter:data1\" content=\"Sam Doran\" \/>\n\t<meta name=\"twitter:label2\" content=\"Szacowany czas czytania\" \/>\n\t<meta name=\"twitter:data2\" content=\"3 minuty\" \/>\n<script type=\"application\/ld+json\" class=\"yoast-schema-graph\">{\"@context\":\"https:\\\/\\\/schema.org\",\"@graph\":[{\"@type\":\"Article\",\"@id\":\"https:\\\/\\\/meritmusic.org\\\/clarissa-bevilacqua-spotlight\\\/#article\",\"isPartOf\":{\"@id\":\"https:\\\/\\\/meritmusic.org\\\/clarissa-bevilacqua-spotlight\\\/\"},\"author\":{\"name\":\"Sam Doran\",\"@id\":\"https:\\\/\\\/meritmusic.org\\\/#\\\/schema\\\/person\\\/aa6117fa87f1353a6f53048298a481dd\"},\"headline\":\"From Saturdays\u00a0at Merit\u00a0to the World Stage: Clarissa&#8217;s Journey\",\"datePublished\":\"2026-03-06T18:34:21+00:00\",\"dateModified\":\"2026-03-09T17:17:03+00:00\",\"mainEntityOfPage\":{\"@id\":\"https:\\\/\\\/meritmusic.org\\\/clarissa-bevilacqua-spotlight\\\/\"},\"wordCount\":525,\"publisher\":{\"@id\":\"https:\\\/\\\/meritmusic.org\\\/#organization\"},\"image\":{\"@id\":\"https:\\\/\\\/meritmusic.org\\\/clarissa-bevilacqua-spotlight\\\/#primaryimage\"},\"thumbnailUrl\":\"https:\\\/\\\/i0.wp.com\\\/meritmusic.org\\\/wp-content\\\/uploads\\\/2026\\\/03\\\/clarissa.jpg?fit=1200%2C900&ssl=1\",\"articleSection\":[\"Alumni\",\"Stories\"],\"inLanguage\":\"pl-PL\"},{\"@type\":\"WebPage\",\"@id\":\"https:\\\/\\\/meritmusic.org\\\/clarissa-bevilacqua-spotlight\\\/\",\"url\":\"https:\\\/\\\/meritmusic.org\\\/clarissa-bevilacqua-spotlight\\\/\",\"name\":\"From Saturdays\u00a0at Merit\u00a0to the World Stage: Clarissa's Journey\",\"isPartOf\":{\"@id\":\"https:\\\/\\\/meritmusic.org\\\/#website\"},\"primaryImageOfPage\":{\"@id\":\"https:\\\/\\\/meritmusic.org\\\/clarissa-bevilacqua-spotlight\\\/#primaryimage\"},\"image\":{\"@id\":\"https:\\\/\\\/meritmusic.org\\\/clarissa-bevilacqua-spotlight\\\/#primaryimage\"},\"thumbnailUrl\":\"https:\\\/\\\/i0.wp.com\\\/meritmusic.org\\\/wp-content\\\/uploads\\\/2026\\\/03\\\/clarissa.jpg?fit=1200%2C900&ssl=1\",\"datePublished\":\"2026-03-06T18:34:21+00:00\",\"dateModified\":\"2026-03-09T17:17:03+00:00\",\"description\":\"Alum Clarissa Bevilacqua came to Merit as an 8-year-old violinist. From the Conservatory to touring the world, read about Clarissa's journey.\",\"breadcrumb\":{\"@id\":\"https:\\\/\\\/meritmusic.org\\\/clarissa-bevilacqua-spotlight\\\/#breadcrumb\"},\"inLanguage\":\"pl-PL\",\"potentialAction\":[{\"@type\":\"ReadAction\",\"target\":[\"https:\\\/\\\/meritmusic.org\\\/clarissa-bevilacqua-spotlight\\\/\"]}]},{\"@type\":\"ImageObject\",\"inLanguage\":\"pl-PL\",\"@id\":\"https:\\\/\\\/meritmusic.org\\\/clarissa-bevilacqua-spotlight\\\/#primaryimage\",\"url\":\"https:\\\/\\\/i0.wp.com\\\/meritmusic.org\\\/wp-content\\\/uploads\\\/2026\\\/03\\\/clarissa.jpg?fit=1200%2C900&ssl=1\",\"contentUrl\":\"https:\\\/\\\/i0.wp.com\\\/meritmusic.org\\\/wp-content\\\/uploads\\\/2026\\\/03\\\/clarissa.jpg?fit=1200%2C900&ssl=1\",\"width\":1200,\"height\":900,\"caption\":\"A headshot of Clarissa Bevilacqua holding a violin\"},{\"@type\":\"BreadcrumbList\",\"@id\":\"https:\\\/\\\/meritmusic.org\\\/clarissa-bevilacqua-spotlight\\\/#breadcrumb\",\"itemListElement\":[{\"@type\":\"ListItem\",\"position\":1,\"name\":\"Home\",\"item\":\"https:\\\/\\\/meritmusic.org\\\/\"},{\"@type\":\"ListItem\",\"position\":2,\"name\":\"From Saturdays\u00a0at Merit\u00a0to the World Stage: Clarissa&#8217;s Journey\"}]},{\"@type\":\"WebSite\",\"@id\":\"https:\\\/\\\/meritmusic.org\\\/#website\",\"url\":\"https:\\\/\\\/meritmusic.org\\\/\",\"name\":\"Merit School of Music\",\"description\":\"Merit School of Music is a nationally accredited music school located in Chicago, removing barriers to high-quality music education.\",\"publisher\":{\"@id\":\"https:\\\/\\\/meritmusic.org\\\/#organization\"},\"potentialAction\":[{\"@type\":\"SearchAction\",\"target\":{\"@type\":\"EntryPoint\",\"urlTemplate\":\"https:\\\/\\\/meritmusic.org\\\/?s={search_term_string}\"},\"query-input\":{\"@type\":\"PropertyValueSpecification\",\"valueRequired\":true,\"valueName\":\"search_term_string\"}}],\"inLanguage\":\"pl-PL\"},{\"@type\":\"Organization\",\"@id\":\"https:\\\/\\\/meritmusic.org\\\/#organization\",\"name\":\"Merit School of Music\",\"url\":\"https:\\\/\\\/meritmusic.org\\\/\",\"logo\":{\"@type\":\"ImageObject\",\"inLanguage\":\"pl-PL\",\"@id\":\"https:\\\/\\\/meritmusic.org\\\/#\\\/schema\\\/logo\\\/image\\\/\",\"url\":\"https:\\\/\\\/i0.wp.com\\\/meritmusic.org\\\/wp-content\\\/uploads\\\/2022\\\/09\\\/Merit_logo.png?fit=195%2C90&ssl=1\",\"contentUrl\":\"https:\\\/\\\/i0.wp.com\\\/meritmusic.org\\\/wp-content\\\/uploads\\\/2022\\\/09\\\/Merit_logo.png?fit=195%2C90&ssl=1\",\"width\":195,\"height\":90,\"caption\":\"Merit School of Music\"},\"image\":{\"@id\":\"https:\\\/\\\/meritmusic.org\\\/#\\\/schema\\\/logo\\\/image\\\/\"}},{\"@type\":\"Person\",\"@id\":\"https:\\\/\\\/meritmusic.org\\\/#\\\/schema\\\/person\\\/aa6117fa87f1353a6f53048298a481dd\",\"name\":\"Sam Doran\",\"image\":{\"@type\":\"ImageObject\",\"inLanguage\":\"pl-PL\",\"@id\":\"https:\\\/\\\/secure.gravatar.com\\\/avatar\\\/423081efeb6ee2a00ad097b737c1f20796bca43c3a586a602c683bd7175bf5b5?s=96&d=mm&r=g\",\"url\":\"https:\\\/\\\/secure.gravatar.com\\\/avatar\\\/423081efeb6ee2a00ad097b737c1f20796bca43c3a586a602c683bd7175bf5b5?s=96&d=mm&r=g\",\"contentUrl\":\"https:\\\/\\\/secure.gravatar.com\\\/avatar\\\/423081efeb6ee2a00ad097b737c1f20796bca43c3a586a602c683bd7175bf5b5?s=96&d=mm&r=g\",\"caption\":\"Sam Doran\"},\"sameAs\":[\"https:\\\/\\\/meritmusic.org\\\/\"],\"url\":\"https:\\\/\\\/meritmusic.org\\\/pl\\\/author\\\/sdoran\\\/\"}]}<\/script>\n<!-- \/ Yoast SEO plugin. -->","yoast_head_json":{"title":"Od sob\u00f3t w Merit do \u015bwiatowej sceny: podr\u00f3\u017c Clarissy","description":"Absolwentka Clarissa Bevilacqua do\u0142\u0105czy\u0142a do Merit jako o\u015bmioletnia skrzypaczka. Od Konserwatorium po \u015bwiatowe tourn\u00e9e \u2013 przeczytaj o drodze Clarissy.","robots":{"index":"index","follow":"follow","max-snippet":"max-snippet:-1","max-image-preview":"max-image-preview:large","max-video-preview":"max-video-preview:-1"},"canonical":"https:\/\/meritmusic.org\/pl\/clarissa-bevilacqua-spotlight\/","og_locale":"pl_PL","og_type":"article","og_title":"From Saturdays\u00a0at Merit\u00a0to the World Stage: Clarissa's Journey","og_description":"Alum Clarissa Bevilacqua came to Merit as an 8-year-old violinist. From the Conservatory to touring the world, read about Clarissa's journey.","og_url":"https:\/\/meritmusic.org\/pl\/clarissa-bevilacqua-spotlight\/","og_site_name":"Merit School of Music","article_published_time":"2026-03-06T18:34:21+00:00","article_modified_time":"2026-03-09T17:17:03+00:00","author":"Sam Doran","twitter_card":"summary_large_image","twitter_misc":{"Napisane przez":"Sam Doran","Szacowany czas czytania":"3 minuty"},"schema":{"@context":"https:\/\/schema.org","@graph":[{"@type":"Article","@id":"https:\/\/meritmusic.org\/clarissa-bevilacqua-spotlight\/#article","isPartOf":{"@id":"https:\/\/meritmusic.org\/clarissa-bevilacqua-spotlight\/"},"author":{"name":"Sam Doran","@id":"https:\/\/meritmusic.org\/#\/schema\/person\/aa6117fa87f1353a6f53048298a481dd"},"headline":"From Saturdays\u00a0at Merit\u00a0to the World Stage: Clarissa&#8217;s Journey","datePublished":"2026-03-06T18:34:21+00:00","dateModified":"2026-03-09T17:17:03+00:00","mainEntityOfPage":{"@id":"https:\/\/meritmusic.org\/clarissa-bevilacqua-spotlight\/"},"wordCount":525,"publisher":{"@id":"https:\/\/meritmusic.org\/#organization"},"image":{"@id":"https:\/\/meritmusic.org\/clarissa-bevilacqua-spotlight\/#primaryimage"},"thumbnailUrl":"https:\/\/i0.wp.com\/meritmusic.org\/wp-content\/uploads\/2026\/03\/clarissa.jpg?fit=1200%2C900&ssl=1","articleSection":["Alumni","Stories"],"inLanguage":"pl-PL"},{"@type":"WebPage","@id":"https:\/\/meritmusic.org\/clarissa-bevilacqua-spotlight\/","url":"https:\/\/meritmusic.org\/clarissa-bevilacqua-spotlight\/","name":"Od sob\u00f3t w Merit do \u015bwiatowej sceny: podr\u00f3\u017c Clarissy","isPartOf":{"@id":"https:\/\/meritmusic.org\/#website"},"primaryImageOfPage":{"@id":"https:\/\/meritmusic.org\/clarissa-bevilacqua-spotlight\/#primaryimage"},"image":{"@id":"https:\/\/meritmusic.org\/clarissa-bevilacqua-spotlight\/#primaryimage"},"thumbnailUrl":"https:\/\/i0.wp.com\/meritmusic.org\/wp-content\/uploads\/2026\/03\/clarissa.jpg?fit=1200%2C900&ssl=1","datePublished":"2026-03-06T18:34:21+00:00","dateModified":"2026-03-09T17:17:03+00:00","description":"Absolwentka Clarissa Bevilacqua do\u0142\u0105czy\u0142a do Merit jako o\u015bmioletnia skrzypaczka. Od Konserwatorium po \u015bwiatowe tourn\u00e9e \u2013 przeczytaj o drodze Clarissy.","breadcrumb":{"@id":"https:\/\/meritmusic.org\/clarissa-bevilacqua-spotlight\/#breadcrumb"},"inLanguage":"pl-PL","potentialAction":[{"@type":"ReadAction","target":["https:\/\/meritmusic.org\/clarissa-bevilacqua-spotlight\/"]}]},{"@type":"ImageObject","inLanguage":"pl-PL","@id":"https:\/\/meritmusic.org\/clarissa-bevilacqua-spotlight\/#primaryimage","url":"https:\/\/i0.wp.com\/meritmusic.org\/wp-content\/uploads\/2026\/03\/clarissa.jpg?fit=1200%2C900&ssl=1","contentUrl":"https:\/\/i0.wp.com\/meritmusic.org\/wp-content\/uploads\/2026\/03\/clarissa.jpg?fit=1200%2C900&ssl=1","width":1200,"height":900,"caption":"A headshot of Clarissa Bevilacqua holding a violin"},{"@type":"BreadcrumbList","@id":"https:\/\/meritmusic.org\/clarissa-bevilacqua-spotlight\/#breadcrumb","itemListElement":[{"@type":"ListItem","position":1,"name":"Home","item":"https:\/\/meritmusic.org\/"},{"@type":"ListItem","position":2,"name":"From Saturdays\u00a0at Merit\u00a0to the World Stage: Clarissa&#8217;s Journey"}]},{"@type":"WebSite","@id":"https:\/\/meritmusic.org\/#website","url":"https:\/\/meritmusic.org\/","name":"Zas\u0142u\u017cona Szko\u0142a Muzyczna","description":"Merit School of Music to akredytowana na szczeblu krajowym szko\u0142a muzyczna z siedzib\u0105 w Chicago, usuwaj\u0105ca bariery w wysokiej jako\u015bci edukacji muzycznej.","publisher":{"@id":"https:\/\/meritmusic.org\/#organization"},"potentialAction":[{"@type":"SearchAction","target":{"@type":"EntryPoint","urlTemplate":"https:\/\/meritmusic.org\/?s={search_term_string}"},"query-input":{"@type":"PropertyValueSpecification","valueRequired":true,"valueName":"search_term_string"}}],"inLanguage":"pl-PL"},{"@type":"Organization","@id":"https:\/\/meritmusic.org\/#organization","name":"Zas\u0142u\u017cona Szko\u0142a Muzyczna","url":"https:\/\/meritmusic.org\/","logo":{"@type":"ImageObject","inLanguage":"pl-PL","@id":"https:\/\/meritmusic.org\/#\/schema\/logo\/image\/","url":"https:\/\/i0.wp.com\/meritmusic.org\/wp-content\/uploads\/2022\/09\/Merit_logo.png?fit=195%2C90&ssl=1","contentUrl":"https:\/\/i0.wp.com\/meritmusic.org\/wp-content\/uploads\/2022\/09\/Merit_logo.png?fit=195%2C90&ssl=1","width":195,"height":90,"caption":"Merit School of Music"},"image":{"@id":"https:\/\/meritmusic.org\/#\/schema\/logo\/image\/"}},{"@type":"Person","@id":"https:\/\/meritmusic.org\/#\/schema\/person\/aa6117fa87f1353a6f53048298a481dd","name":"Sama Dorana","image":{"@type":"ImageObject","inLanguage":"pl-PL","@id":"https:\/\/secure.gravatar.com\/avatar\/423081efeb6ee2a00ad097b737c1f20796bca43c3a586a602c683bd7175bf5b5?s=96&d=mm&r=g","url":"https:\/\/secure.gravatar.com\/avatar\/423081efeb6ee2a00ad097b737c1f20796bca43c3a586a602c683bd7175bf5b5?s=96&d=mm&r=g","contentUrl":"https:\/\/secure.gravatar.com\/avatar\/423081efeb6ee2a00ad097b737c1f20796bca43c3a586a602c683bd7175bf5b5?s=96&d=mm&r=g","caption":"Sam Doran"},"sameAs":["https:\/\/meritmusic.org\/"],"url":"https:\/\/meritmusic.org\/pl\/author\/sdoran\/"}]}},"jetpack_featured_media_url":"https:\/\/i0.wp.com\/meritmusic.org\/wp-content\/uploads\/2026\/03\/clarissa.jpg?fit=1200%2C900&ssl=1","jetpack_sharing_enabled":true,"_links":{"self":[{"href":"https:\/\/meritmusic.org\/pl\/wp-json\/wp\/v2\/posts\/56474","targetHints":{"allow":["GET"]}}],"collection":[{"href":"https:\/\/meritmusic.org\/pl\/wp-json\/wp\/v2\/posts"}],"about":[{"href":"https:\/\/meritmusic.org\/pl\/wp-json\/wp\/v2\/types\/post"}],"author":[{"embeddable":true,"href":"https:\/\/meritmusic.org\/pl\/wp-json\/wp\/v2\/users\/10"}],"replies":[{"embeddable":true,"href":"https:\/\/meritmusic.org\/pl\/wp-json\/wp\/v2\/comments?post=56474"}],"version-history":[{"count":3,"href":"https:\/\/meritmusic.org\/pl\/wp-json\/wp\/v2\/posts\/56474\/revisions"}],"predecessor-version":[{"id":56507,"href":"https:\/\/meritmusic.org\/pl\/wp-json\/wp\/v2\/posts\/56474\/revisions\/56507"}],"wp:featuredmedia":[{"embeddable":true,"href":"https:\/\/meritmusic.org\/pl\/wp-json\/wp\/v2\/media\/56490"}],"wp:attachment":[{"href":"https:\/\/meritmusic.org\/pl\/wp-json\/wp\/v2\/media?parent=56474"}],"wp:term":[{"taxonomy":"category","embeddable":true,"href":"https:\/\/meritmusic.org\/pl\/wp-json\/wp\/v2\/categories?post=56474"},{"taxonomy":"post_tag","embeddable":true,"href":"https:\/\/meritmusic.org\/pl\/wp-json\/wp\/v2\/tags?post=56474"},{"taxonomy":"post_folder","embeddable":true,"href":"https:\/\/meritmusic.org\/pl\/wp-json\/wp\/v2\/post_folder?post=56474"}],"curies":[{"name":"wp","href":"https:\/\/api.w.org\/{rel}","templated":true}]}}