{"id":49352,"date":"2024-11-21T14:35:13","date_gmt":"2024-11-21T20:35:13","guid":{"rendered":"https:\/\/meritmusic.org\/?p=49352"},"modified":"2025-11-07T11:56:20","modified_gmt":"2025-11-07T17:56:20","slug":"anthony-mcgill-masterclass","status":"publish","type":"post","link":"https:\/\/meritmusic.org\/pl\/anthony-mcgill-masterclass\/","title":{"rendered":"Anthony McGill powraca do zas\u0142ug, aby inspirowa\u0107 nowe pokolenie muzyk\u00f3w"},"content":{"rendered":"<div data-elementor-type=\"wp-post\" data-elementor-id=\"49352\" class=\"elementor elementor-49352\" data-elementor-post-type=\"post\">\n\t\t\t\t\t\t<section class=\"elementor-section elementor-top-section elementor-element elementor-element-fc89d16 elementor-section-boxed elementor-section-height-default elementor-section-height-default\" data-id=\"fc89d16\" data-element_type=\"section\" data-e-type=\"section\">\n\t\t\t\t\t\t<div class=\"elementor-container elementor-column-gap-default\">\n\t\t\t\t\t<div class=\"elementor-column elementor-col-100 elementor-top-column elementor-element elementor-element-1986358\" data-id=\"1986358\" data-element_type=\"column\" data-e-type=\"column\">\n\t\t\t<div class=\"elementor-widget-wrap elementor-element-populated\">\n\t\t\t\t\t\t<div class=\"elementor-element elementor-element-884b73e elementor-widget elementor-widget-image\" data-id=\"884b73e\" data-element_type=\"widget\" data-e-type=\"widget\" data-widget_type=\"image.default\">\n\t\t\t\t<div class=\"elementor-widget-container\">\n\t\t\t\t\t\t\t\t\t\t\t\t\t\t\t<img fetchpriority=\"high\" decoding=\"async\" width=\"1024\" height=\"782\" src=\"https:\/\/i0.wp.com\/meritmusic.org\/wp-content\/uploads\/2024\/11\/anthony-mcgill-masterclass.jpg?fit=1024%2C782&amp;ssl=1\" class=\"attachment-large size-large wp-image-49354\" alt=\"Three students stand with Anthony McGill. All are holding clarinets\" srcset=\"https:\/\/i0.wp.com\/meritmusic.org\/wp-content\/uploads\/2024\/11\/anthony-mcgill-masterclass.jpg?w=1024&amp;ssl=1 1024w, https:\/\/i0.wp.com\/meritmusic.org\/wp-content\/uploads\/2024\/11\/anthony-mcgill-masterclass.jpg?resize=300%2C229&amp;ssl=1 300w, https:\/\/i0.wp.com\/meritmusic.org\/wp-content\/uploads\/2024\/11\/anthony-mcgill-masterclass.jpg?resize=768%2C587&amp;ssl=1 768w, https:\/\/i0.wp.com\/meritmusic.org\/wp-content\/uploads\/2024\/11\/anthony-mcgill-masterclass.jpg?resize=16%2C12&amp;ssl=1 16w\" sizes=\"(max-width: 1000px) 100vw, 1000px\" \/>\t\t\t\t\t\t\t\t\t\t\t\t\t\t\t<\/div>\n\t\t\t\t<\/div>\n\t\t\t\t\t<\/div>\n\t\t<\/div>\n\t\t\t\t\t<\/div>\n\t\t<\/section>\n\t\t\t\t<section class=\"elementor-section elementor-top-section elementor-element elementor-element-d3e1538 elementor-section-boxed elementor-section-height-default elementor-section-height-default\" data-id=\"d3e1538\" data-element_type=\"section\" data-e-type=\"section\">\n\t\t\t\t\t\t<div class=\"elementor-container elementor-column-gap-default\">\n\t\t\t\t\t<div class=\"elementor-column elementor-col-100 elementor-top-column elementor-element elementor-element-1bae3593\" data-id=\"1bae3593\" data-element_type=\"column\" data-e-type=\"column\">\n\t\t\t<div class=\"elementor-widget-wrap elementor-element-populated\">\n\t\t\t\t<div class=\"elementor-element elementor-element-544380f e-grid e-con-full e-con e-parent\" data-id=\"544380f\" data-element_type=\"container\" data-e-type=\"container\">\n\t\t\t\t<div class=\"elementor-element elementor-element-4929bcd elementor-widget elementor-widget-text-editor\" data-id=\"4929bcd\" data-element_type=\"widget\" data-e-type=\"widget\" data-widget_type=\"text-editor.default\">\n\t\t\t\t<div class=\"elementor-widget-container\">\n\t\t\t\t\t\t\t\t\t<p>Na d\u0142ugo przed obj\u0119ciem stanowiska g\u0142\u00f3wnego klarnecisty\u00a0<a href=\"https:\/\/www.nyphil.org\/\" target=\"_blank\" rel=\"noopener\"><strong>Filharmonia Nowojorska<\/strong><\/a>, wyst\u0119puj\u0105c na inauguracjach prezydenckich i otrzymuj\u0105c tytu\u0142\u00a0<a href=\"https:\/\/www.musicalamerica.com\/features\/?fid=367&amp;fyear=2024\" target=\"_blank\" rel=\"noopener\"><strong>Instrumentalista Roku<\/strong><\/a>\u00a0przez\u00a0<a href=\"https:\/\/www.musicalamerica.com\/\" target=\"_blank\" rel=\"noopener\"><strong>Muzyczna Ameryka<\/strong><\/a>,\u00a0<a href=\"https:\/\/www.anthonymcgill.com\/\" target=\"_blank\" rel=\"noopener\"><strong>Anthony&#039;ego McGilla<\/strong><\/a>Muzyczna podr\u00f3\u017c rozpocz\u0119\u0142a si\u0119 w Merit School of Music.<\/p>\n<p>29 pa\u017adziernika 2024 r. McGill powr\u00f3ci\u0142 do Merit, aby podzieli\u0107 si\u0119 swoj\u0105 wiedz\u0105, do\u015bwiadczeniem i pasj\u0105 z nowym pokoleniem m\u0142odych muzyk\u00f3w. Jego kurs mistrzowski, kt\u00f3ry odby\u0142 si\u0119 w Foreman Hall w Joy Faith Knapp Music Center, by\u0142 silnym przypomnieniem o znaczeniu mentoringu, spo\u0142eczno\u015bci i transformacyjnej mocy edukacji muzycznej.<\/p>\t\t\t\t\t\t\t\t<\/div>\n\t\t\t\t<\/div>\n\t\t\t\t<div class=\"elementor-element elementor-element-1ae0b6c elementor-widget elementor-widget-image\" data-id=\"1ae0b6c\" data-element_type=\"widget\" data-e-type=\"widget\" data-widget_type=\"image.default\">\n\t\t\t\t<div class=\"elementor-widget-container\">\n\t\t\t\t\t\t\t\t\t\t\t\t\t\t\t<img decoding=\"async\" width=\"850\" height=\"950\" src=\"https:\/\/i0.wp.com\/meritmusic.org\/wp-content\/uploads\/2024\/11\/anthony-mcgill-merit.jpg?fit=850%2C950&amp;ssl=1\" class=\"attachment-large size-large wp-image-49363\" alt=\"A black and white photo of a young Anthony McGill playing clarinet\" srcset=\"https:\/\/i0.wp.com\/meritmusic.org\/wp-content\/uploads\/2024\/11\/anthony-mcgill-merit.jpg?w=850&amp;ssl=1 850w, https:\/\/i0.wp.com\/meritmusic.org\/wp-content\/uploads\/2024\/11\/anthony-mcgill-merit.jpg?resize=268%2C300&amp;ssl=1 268w, https:\/\/i0.wp.com\/meritmusic.org\/wp-content\/uploads\/2024\/11\/anthony-mcgill-merit.jpg?resize=768%2C858&amp;ssl=1 768w, https:\/\/i0.wp.com\/meritmusic.org\/wp-content\/uploads\/2024\/11\/anthony-mcgill-merit.jpg?resize=11%2C12&amp;ssl=1 11w\" sizes=\"(max-width: 850px) 100vw, 850px\" \/>\t\t\t\t\t\t\t\t\t\t\t\t\t\t\t<\/div>\n\t\t\t\t<\/div>\n\t\t\t\t<\/div>\n\t\t\t\t<div class=\"elementor-element elementor-element-bc78734 elementor-widget elementor-widget-text-editor\" data-id=\"bc78734\" data-element_type=\"widget\" data-e-type=\"widget\" data-widget_type=\"text-editor.default\">\n\t\t\t\t<div class=\"elementor-widget-container\">\n\t\t\t\t\t\t\t\t\t<p><span style=\"font-style: inherit; font-weight: inherit; color: var( --e-global-color-text ); font-family: var( --e-global-typography-text-font-family ), Sans-serif; background-color: var(--ast-global-color-5);\">Przedstawione wsp\u00f3lnie przez Merit i <\/span><a style=\"font-style: inherit; font-weight: inherit;\" href=\"https:\/\/chicagopathways.org\/\" target=\"_blank\" rel=\"noopener\"><strong>Inicjatywa Chicago Musical Pathways<\/strong><\/a><span style=\"font-style: inherit; font-weight: inherit; color: var( --e-global-color-text ); font-family: var( --e-global-typography-text-font-family ), Sans-serif; background-color: var(--ast-global-color-5);\"> (CMPI), masterclass da\u0142 trzem utalentowanym m\u0142odym muzykom mo\u017cliwo\u015b\u0107 otrzymania bezcennego feedbacku i indywidualnego coachingu od McGilla. Studenci \u2014 Emily Perez-Ojeda, Andrew Olvera i Sarah Morris \u2014 wykonali utw\u00f3r dla McGilla i otrzymali spersonalizowane porady, jak udoskonali\u0107 swoje rzemios\u0142o i rozwija\u0107 si\u0119 jako muzycy.<\/span><\/p>\t\t\t\t\t\t\t\t<\/div>\n\t\t\t\t<\/div>\n\t\t\t\t\t<\/div>\n\t\t<\/div>\n\t\t\t\t\t<\/div>\n\t\t<\/section>\n\t\t<div class=\"elementor-element elementor-element-501f0e7 e-flex e-con-boxed e-con e-parent\" data-id=\"501f0e7\" data-element_type=\"container\" data-e-type=\"container\">\n\t\t\t\t\t<div class=\"e-con-inner\">\n\t\t\t\t<div class=\"elementor-element elementor-element-b08ae9c elementor-blockquote--skin-quotation elementor-blockquote--align-center elementor-widget elementor-widget-blockquote\" data-id=\"b08ae9c\" data-element_type=\"widget\" data-e-type=\"widget\" data-widget_type=\"blockquote.default\">\n\t\t\t\t<div class=\"elementor-widget-container\">\n\t\t\t\t\t\t\t<blockquote class=\"elementor-blockquote\">\n\t\t\t<p class=\"elementor-blockquote__content\">\n\t\t\t\t\u201eNie by\u0142oby mnie tutaj, gdyby nie m\u00f3j czas sp\u0119dzony w Merit School of Music. Kiedy by\u0142em dzieckiem dorastaj\u0105cym na South Side of Chicago, Merit da\u0142 mi szans\u0119 na zmian\u0119 mojego \u017cycia i jestem za to na zawsze wdzi\u0119czny moim przyjacio\u0142om i rodzinie\u201d.\t\t\t<\/p>\n\t\t\t\t\t\t\t<div class=\"e-q-footer\">\n\t\t\t\t\t\t\t\t\t\t\t<cite class=\"elementor-blockquote__author\">Anthony&#039;ego McGilla<\/cite>\n\t\t\t\t\t\t\t\t\t\t\t\t\t\t<\/div>\n\t\t\t\t\t<\/blockquote>\n\t\t\t\t\t\t<\/div>\n\t\t\t\t<\/div>\n\t\t\t\t\t<\/div>\n\t\t\t\t<\/div>\n\t\t\t\t<section class=\"elementor-section elementor-top-section elementor-element elementor-element-34abc07 elementor-section-boxed elementor-section-height-default elementor-section-height-default\" data-id=\"34abc07\" data-element_type=\"section\" data-e-type=\"section\">\n\t\t\t\t\t\t<div class=\"elementor-container elementor-column-gap-default\">\n\t\t\t\t\t<div class=\"elementor-column elementor-col-100 elementor-top-column elementor-element elementor-element-99f8ec7\" data-id=\"99f8ec7\" data-element_type=\"column\" data-e-type=\"column\">\n\t\t\t<div class=\"elementor-widget-wrap elementor-element-populated\">\n\t\t\t\t\t\t<div class=\"elementor-element elementor-element-3ac8f52 elementor-widget elementor-widget-text-editor\" data-id=\"3ac8f52\" data-element_type=\"widget\" data-e-type=\"widget\" data-widget_type=\"text-editor.default\">\n\t\t\t\t<div class=\"elementor-widget-container\">\n\t\t\t\t\t\t\t\t\t<p>Od momentu, gdy wszed\u0142 do pokoju, by\u0142o jasne, \u017ce McGill nie by\u0142 tylko muzycznym luminarzem, ale tak\u017ce naturalnym nauczycielem. Jego podej\u015bcie by\u0142o ciep\u0142e, ale skupione, uspokajaj\u0105c student\u00f3w swoim przyziemnym sposobem bycia, jednocze\u015bnie zapewniaj\u0105c, \u017ce sesja pozosta\u0142a produktywna i zakorzeniona w muzyce. Jego opinie by\u0142y przemy\u015blane i konkretne, podkre\u015blaj\u0105c zar\u00f3wno szczeg\u00f3\u0142y techniczne, takie jak produkcja d\u017awi\u0119ku, jak i szerszy obraz rozwijania muzycznego nastawienia.<\/p><p>McGill traktowa\u0142 m\u0142odych muzyk\u00f3w jak m\u0142odszych koleg\u00f3w, a nie student\u00f3w, co sprzyja\u0142o atmosferze szacunku i profesjonalizmu. Nawi\u0105za\u0142 kontakt z wykonawcami, wyja\u015bniaj\u0105c, jak nadal wykonuje te same utwory z repertuaru klarnetowego, dziel\u0105c si\u0119 przeszkodami, z kt\u00f3rymi si\u0119 zetkn\u0105\u0142, i daj\u0105c wgl\u0105d w to, jak radzi\u0142 sobie z najtrudniejszymi sekcjami.<\/p>\t\t\t\t\t\t\t\t<\/div>\n\t\t\t\t<\/div>\n\t\t\t\t<div class=\"elementor-element elementor-element-57df604 elementor-arrows-position-inside elementor-pagination-position-outside elementor-widget elementor-widget-image-carousel\" data-id=\"57df604\" data-element_type=\"widget\" data-e-type=\"widget\" data-settings=\"{&quot;navigation&quot;:&quot;both&quot;,&quot;autoplay&quot;:&quot;yes&quot;,&quot;pause_on_hover&quot;:&quot;yes&quot;,&quot;pause_on_interaction&quot;:&quot;yes&quot;,&quot;autoplay_speed&quot;:5000,&quot;infinite&quot;:&quot;yes&quot;,&quot;speed&quot;:500}\" data-widget_type=\"image-carousel.default\">\n\t\t\t\t<div class=\"elementor-widget-container\">\n\t\t\t\t\t\t\t<div class=\"elementor-image-carousel-wrapper swiper\" role=\"region\" aria-roledescription=\"carousel\" aria-label=\"Karuzela obrazk\u00f3w\" dir=\"ltr\">\n\t\t\t<div class=\"elementor-image-carousel swiper-wrapper\" aria-live=\"off\">\n\t\t\t\t\t\t\t\t<div class=\"swiper-slide\" role=\"group\" aria-roledescription=\"slide\" aria-label=\"1 z 6\"><figure class=\"swiper-slide-inner\"><img decoding=\"async\" class=\"swiper-slide-image\" src=\"https:\/\/i0.wp.com\/meritmusic.org\/wp-content\/uploads\/2024\/11\/AnthonyMcGill6-1.jpg?fit=1024%2C782&amp;ssl=1\" alt=\"AnthonyMcGill6\" \/><\/figure><\/div><div class=\"swiper-slide\" role=\"group\" aria-roledescription=\"slide\" aria-label=\"2 z 6\"><figure class=\"swiper-slide-inner\"><img decoding=\"async\" class=\"swiper-slide-image\" src=\"https:\/\/i0.wp.com\/meritmusic.org\/wp-content\/uploads\/2024\/11\/AnthonyMcGill1-1.jpg?fit=1024%2C782&amp;ssl=1\" alt=\"AnthonyMcGill1\" \/><\/figure><\/div><div class=\"swiper-slide\" role=\"group\" aria-roledescription=\"slide\" aria-label=\"3 z 6\"><figure class=\"swiper-slide-inner\"><img decoding=\"async\" class=\"swiper-slide-image\" src=\"https:\/\/i0.wp.com\/meritmusic.org\/wp-content\/uploads\/2024\/11\/AnthonyMcGill2-1.jpg?fit=1024%2C782&amp;ssl=1\" alt=\"AnthonyMcGill2\" \/><\/figure><\/div><div class=\"swiper-slide\" role=\"group\" aria-roledescription=\"slide\" aria-label=\"4 z 6\"><figure class=\"swiper-slide-inner\"><img decoding=\"async\" class=\"swiper-slide-image\" src=\"https:\/\/i0.wp.com\/meritmusic.org\/wp-content\/uploads\/2024\/11\/AnthonyMcGill4-1.jpg?fit=1024%2C782&amp;ssl=1\" alt=\"AnthonyMcGill4\" \/><\/figure><\/div><div class=\"swiper-slide\" role=\"group\" aria-roledescription=\"slide\" aria-label=\"5 z 6\"><figure class=\"swiper-slide-inner\"><img decoding=\"async\" class=\"swiper-slide-image\" src=\"https:\/\/i0.wp.com\/meritmusic.org\/wp-content\/uploads\/2024\/11\/AnthonyMcGill3-1.jpg?fit=1024%2C782&amp;ssl=1\" alt=\"AnthonyMcGill3\" \/><\/figure><\/div><div class=\"swiper-slide\" role=\"group\" aria-roledescription=\"slide\" aria-label=\"6 z 6\"><figure class=\"swiper-slide-inner\"><img decoding=\"async\" class=\"swiper-slide-image\" src=\"https:\/\/i0.wp.com\/meritmusic.org\/wp-content\/uploads\/2024\/11\/AnthonyMcGill5-1.jpg?fit=1024%2C782&amp;ssl=1\" alt=\"AnthonyMcGill5\" \/><\/figure><\/div>\t\t\t<\/div>\n\t\t\t\t\t\t\t\t\t\t\t\t<div class=\"elementor-swiper-button elementor-swiper-button-prev\" role=\"button\" tabindex=\"0\">\n\t\t\t\t\t\t<i aria-hidden=\"true\" class=\"eicon-chevron-left\"><\/i>\t\t\t\t\t<\/div>\n\t\t\t\t\t<div class=\"elementor-swiper-button elementor-swiper-button-next\" role=\"button\" tabindex=\"0\">\n\t\t\t\t\t\t<i aria-hidden=\"true\" class=\"eicon-chevron-right\"><\/i>\t\t\t\t\t<\/div>\n\t\t\t\t\n\t\t\t\t\t\t\t\t\t<div class=\"swiper-pagination\"><\/div>\n\t\t\t\t\t\t\t\t\t<\/div>\n\t\t\t\t\t\t<\/div>\n\t\t\t\t<\/div>\n\t\t\t\t\t<\/div>\n\t\t<\/div>\n\t\t\t\t\t<\/div>\n\t\t<\/section>\n\t\t\t\t<section class=\"elementor-section elementor-top-section elementor-element elementor-element-0a79e44 elementor-section-boxed elementor-section-height-default elementor-section-height-default\" data-id=\"0a79e44\" data-element_type=\"section\" data-e-type=\"section\">\n\t\t\t\t\t\t<div class=\"elementor-container elementor-column-gap-default\">\n\t\t\t\t\t<div class=\"elementor-column elementor-col-100 elementor-top-column elementor-element elementor-element-3bf62d9\" data-id=\"3bf62d9\" data-element_type=\"column\" data-e-type=\"column\">\n\t\t\t<div class=\"elementor-widget-wrap elementor-element-populated\">\n\t\t\t\t\t\t<div class=\"elementor-element elementor-element-f4e457c elementor-widget elementor-widget-text-editor\" data-id=\"f4e457c\" data-element_type=\"widget\" data-e-type=\"widget\" data-widget_type=\"text-editor.default\">\n\t\t\t\t<div class=\"elementor-widget-container\">\n\t\t\t\t\t\t\t\t\t<p>Podczas zaj\u0119\u0107 McGill skupi\u0142 si\u0119 na rozwijaniu zdrowego, produktywnego nastawienia umys\u0142u u uczni\u00f3w, zach\u0119caj\u0105c ich do przyj\u0119cia procesu, zamiast obsesyjnego my\u015blenia o wyniku. M\u00f3wi\u0142 o tym, jak wa\u017cne jest bycie \u201enajlepszym, jakim mo\u017cesz by\u0107 w tej chwili\u201d. \u0141atwo jest zgubi\u0107 si\u0119 w przyt\u0142aczaj\u0105cym celu perfekcji, ale rada Anthony&#039;ego by\u0142a praktyczna: je\u015bli przyt\u0142acza ci\u0119 odleg\u0142o\u015b\u0107 do ostatecznego po\u017c\u0105danego wyniku, nie mo\u017cesz dzia\u0142a\u0107. R\u00f3b to krok po kroku.<\/p><p><span style=\"font-style: inherit; font-weight: inherit; color: var( --e-global-color-text ); font-family: var( --e-global-typography-text-font-family ), Sans-serif; background-color: var(--ast-global-color-5);\">\u201eMasterclass z Anthonym McGillem by\u0142 dla mnie inspiruj\u0105cym do\u015bwiadczeniem, jako jednostki i jako muzyka\u201d \u2014 m\u00f3wi Andrew Olvera. \u201eBy\u0142 naprawd\u0119 skromny. D\u0105\u017cymy do tego, co osi\u0105gn\u0105\u0142, a on da\u0142 nam wiele zasob\u00f3w, kt\u00f3re pomog\u0142y nam zrozumie\u0107, \u017ce jest to mo\u017cliwy cel do osi\u0105gni\u0119cia\u201d. Ta perspektywa znalaz\u0142a odd\u017awi\u0119k nie tylko w\u015br\u00f3d wyst\u0119puj\u0105cych student\u00f3w, ale tak\u017ce w\u015br\u00f3d publiczno\u015bci, w kt\u00f3rej by\u0142o wielu m\u0142odszych student\u00f3w, kt\u00f3rzy byli oczarowani s\u0142owami Anthony&#039;ego.<\/span><\/p>\t\t\t\t\t\t\t\t<\/div>\n\t\t\t\t<\/div>\n\t\t\t\t<div class=\"elementor-element elementor-element-0ec9285 elementor-widget elementor-widget-image\" data-id=\"0ec9285\" data-element_type=\"widget\" data-e-type=\"widget\" data-widget_type=\"image.default\">\n\t\t\t\t<div class=\"elementor-widget-container\">\n\t\t\t\t\t\t\t\t\t\t\t\t\t\t\t<img decoding=\"async\" width=\"1024\" height=\"782\" src=\"https:\/\/i0.wp.com\/meritmusic.org\/wp-content\/uploads\/2024\/11\/mcgill-performathon.jpg?fit=1024%2C782&amp;ssl=1\" class=\"attachment-large size-large wp-image-49364\" alt=\"An old black and white photo of a teenage Anthony McGill playing clarinet with a pianist.\" srcset=\"https:\/\/i0.wp.com\/meritmusic.org\/wp-content\/uploads\/2024\/11\/mcgill-performathon.jpg?w=1024&amp;ssl=1 1024w, https:\/\/i0.wp.com\/meritmusic.org\/wp-content\/uploads\/2024\/11\/mcgill-performathon.jpg?resize=300%2C229&amp;ssl=1 300w, https:\/\/i0.wp.com\/meritmusic.org\/wp-content\/uploads\/2024\/11\/mcgill-performathon.jpg?resize=768%2C587&amp;ssl=1 768w, https:\/\/i0.wp.com\/meritmusic.org\/wp-content\/uploads\/2024\/11\/mcgill-performathon.jpg?resize=16%2C12&amp;ssl=1 16w\" sizes=\"(max-width: 1000px) 100vw, 1000px\" \/>\t\t\t\t\t\t\t\t\t\t\t\t\t\t\t<\/div>\n\t\t\t\t<\/div>\n\t\t\t\t<div class=\"elementor-element elementor-element-2a87ffe elementor-widget elementor-widget-text-editor\" data-id=\"2a87ffe\" data-element_type=\"widget\" data-e-type=\"widget\" data-widget_type=\"text-editor.default\">\n\t\t\t\t<div class=\"elementor-widget-container\">\n\t\t\t\t\t\t\t\t\t<p>Merit odegra\u0142 kluczow\u0105 rol\u0119 w kszta\u0142towaniu trajektorii Anthony&#039;ego, a jego g\u0142\u0119boka, trwa\u0142a wi\u0119\u017a ze szko\u0142\u0105 i jej misj\u0105 jest oczywista. Jego zaanga\u017cowanie jako cz\u0142onka Merit <a href=\"https:\/\/meritmusic.org\/pl\/national-advisory-council\/\"><strong>Krajowa Rada Doradcza<\/strong><\/a> podkre\u015bla swoje zaanga\u017cowanie w zapewnienie przysz\u0142ym pokoleniom m\u0142odych ludzi dost\u0119pu do wysokiej jako\u015bci edukacji muzycznej bez wzgl\u0119du na pochodzenie.<\/p><p>Niedawny kurs mistrzowski by\u0142 dla student\u00f3w czym\u015b wi\u0119cej ni\u017c tylko okazj\u0105 do wyst\u0119pu przed \u015bwiatowej klasy muzykiem: by\u0142 on dla nich silnym przypomnieniem, \u017ce droga ka\u017cdego studenta jest wyj\u0105tkowa, ale nigdy nie s\u0105 sami w d\u0105\u017ceniu do doskona\u0142o\u015bci.<\/p>\t\t\t\t\t\t\t\t<\/div>\n\t\t\t\t<\/div>\n\t\t\t\t\t<\/div>\n\t\t<\/div>\n\t\t\t\t\t<\/div>\n\t\t<\/section>\n\t\t\t\t<section class=\"elementor-section elementor-top-section elementor-element elementor-element-d5e02d4 elementor-section-content-middle elementor-section-boxed elementor-section-height-default elementor-section-height-default\" data-id=\"d5e02d4\" data-element_type=\"section\" data-e-type=\"section\" data-settings=\"{&quot;background_background&quot;:&quot;classic&quot;,&quot;animation&quot;:&quot;none&quot;}\">\n\t\t\t\t\t\t<div class=\"elementor-container elementor-column-gap-no\">\n\t\t\t\t\t<div class=\"elementor-column elementor-col-100 elementor-top-column elementor-element elementor-element-09b5fe3\" data-id=\"09b5fe3\" data-element_type=\"column\" data-e-type=\"column\" data-settings=\"{&quot;background_background&quot;:&quot;classic&quot;}\">\n\t\t\t<div class=\"elementor-widget-wrap elementor-element-populated\">\n\t\t\t\t\t\t<div class=\"elementor-element elementor-element-345e462 elementor-invisible elementor-widget elementor-widget-heading\" data-id=\"345e462\" data-element_type=\"widget\" data-e-type=\"widget\" data-settings=\"{&quot;_animation&quot;:&quot;fadeInRight&quot;}\" data-widget_type=\"heading.default\">\n\t\t\t\t<div class=\"elementor-widget-container\">\n\t\t\t\t\t<h4 class=\"elementor-heading-title elementor-size-default\">Wspieraj r\u00f3wny dost\u0119p do wysokiej jako\u015bci edukacji muzycznej<\/h4>\t\t\t\t<\/div>\n\t\t\t\t<\/div>\n\t\t\t\t<div class=\"elementor-element elementor-element-169437b elementor-align-center elementor-widget elementor-widget-button\" data-id=\"169437b\" data-element_type=\"widget\" data-e-type=\"widget\" data-widget_type=\"button.default\">\n\t\t\t\t<div class=\"elementor-widget-container\">\n\t\t\t\t\t\t\t\t\t<div class=\"elementor-button-wrapper\">\n\t\t\t\t\t<a class=\"elementor-button elementor-button-link elementor-size-sm elementor-animation-grow\" href=\"https:\/\/meritmusic.org\/pl\/donate\/\" target=\"_blank\">\n\t\t\t\t\t\t<span class=\"elementor-button-content-wrapper\">\n\t\t\t\t\t\t\t\t\t<span class=\"elementor-button-text\">Przeka\u017c darowizn\u0119 ju\u017c dzi\u015b<\/span>\n\t\t\t\t\t<\/span>\n\t\t\t\t\t<\/a>\n\t\t\t\t<\/div>\n\t\t\t\t\t\t\t\t<\/div>\n\t\t\t\t<\/div>\n\t\t\t\t\t<\/div>\n\t\t<\/div>\n\t\t\t\t\t<\/div>\n\t\t<\/section>\n\t\t\t\t<\/div>","protected":false},"excerpt":{"rendered":"<p>Long before serving as the principal clarinet of the\u00a0New York Philharmonic, performing at presidential inaugurations, and being named\u00a0Instrumentalist of the Year\u00a0by\u00a0Musical America,\u00a0Anthony McGill\u2019s musical journey began at Merit School of [&hellip;]<\/p>\n","protected":false},"author":10,"featured_media":49354,"comment_status":"closed","ping_status":"closed","sticky":false,"template":"elementor_theme","format":"standard","meta":{"_acf_changed":false,"content-type":"","site-sidebar-layout":"default","site-content-layout":"","ast-site-content-layout":"default","site-content-style":"default","site-sidebar-style":"default","ast-global-header-display":"","ast-banner-title-visibility":"","ast-main-header-display":"","ast-hfb-above-header-display":"","ast-hfb-below-header-display":"","ast-hfb-mobile-header-display":"","site-post-title":"","ast-breadcrumbs-content":"","ast-featured-img":"","footer-sml-layout":"","ast-disable-related-posts":"","theme-transparent-header-meta":"","adv-header-id-meta":"","stick-header-meta":"","header-above-stick-meta":"","header-main-stick-meta":"","header-below-stick-meta":"","astra-migrate-meta-layouts":"set","ast-page-background-enabled":"default","ast-page-background-meta":{"desktop":{"background-color":"var(--ast-global-color-4)","background-image":"","background-repeat":"repeat","background-position":"center center","background-size":"auto","background-attachment":"scroll","background-type":"","background-media":"","overlay-type":"","overlay-color":"","overlay-opacity":"","overlay-gradient":""},"tablet":{"background-color":"","background-image":"","background-repeat":"repeat","background-position":"center center","background-size":"auto","background-attachment":"scroll","background-type":"","background-media":"","overlay-type":"","overlay-color":"","overlay-opacity":"","overlay-gradient":""},"mobile":{"background-color":"","background-image":"","background-repeat":"repeat","background-position":"center center","background-size":"auto","background-attachment":"scroll","background-type":"","background-media":"","overlay-type":"","overlay-color":"","overlay-opacity":"","overlay-gradient":""}},"ast-content-background-meta":{"desktop":{"background-color":"var(--ast-global-color-5)","background-image":"","background-repeat":"repeat","background-position":"center center","background-size":"auto","background-attachment":"scroll","background-type":"","background-media":"","overlay-type":"","overlay-color":"","overlay-opacity":"","overlay-gradient":""},"tablet":{"background-color":"var(--ast-global-color-5)","background-image":"","background-repeat":"repeat","background-position":"center center","background-size":"auto","background-attachment":"scroll","background-type":"","background-media":"","overlay-type":"","overlay-color":"","overlay-opacity":"","overlay-gradient":""},"mobile":{"background-color":"var(--ast-global-color-5)","background-image":"","background-repeat":"repeat","background-position":"center center","background-size":"auto","background-attachment":"scroll","background-type":"","background-media":"","overlay-type":"","overlay-color":"","overlay-opacity":"","overlay-gradient":""}},"_jetpack_memberships_contains_paid_content":false,"footnotes":""},"categories":[144,20],"tags":[],"post_folder":[],"class_list":["post-49352","post","type-post","status-publish","format-standard","has-post-thumbnail","hentry","category-band-alumni","category-stories"],"acf":[],"yoast_head":"<!-- This site is optimized with the Yoast SEO plugin v27.3 - https:\/\/yoast.com\/product\/yoast-seo-wordpress\/ -->\n<title>Anthony McGill Inspires the Next Generation of Musicians<\/title>\n<meta name=\"description\" content=\"Internationally acclaimed clarinetist and Merit alum Anthony McGill returned for an inspiring masterclass.\" \/>\n<meta name=\"robots\" content=\"index, follow, max-snippet:-1, max-image-preview:large, max-video-preview:-1\" \/>\n<link rel=\"canonical\" href=\"https:\/\/meritmusic.org\/pl\/anthony-mcgill-masterclass\/\" \/>\n<meta property=\"og:locale\" content=\"pl_PL\" \/>\n<meta property=\"og:type\" content=\"article\" \/>\n<meta property=\"og:title\" content=\"Anthony McGill Inspires the Next Generation of Musicians\" \/>\n<meta property=\"og:description\" content=\"Internationally acclaimed clarinetist and Merit alum Anthony McGill returned for an inspiring masterclass.\" \/>\n<meta property=\"og:url\" content=\"https:\/\/meritmusic.org\/pl\/anthony-mcgill-masterclass\/\" \/>\n<meta property=\"og:site_name\" content=\"Merit School of Music\" \/>\n<meta property=\"article:published_time\" content=\"2024-11-21T20:35:13+00:00\" \/>\n<meta property=\"article:modified_time\" content=\"2025-11-07T17:56:20+00:00\" \/>\n<meta name=\"author\" content=\"Sam Doran\" \/>\n<meta name=\"twitter:card\" content=\"summary_large_image\" \/>\n<meta name=\"twitter:label1\" content=\"Napisane przez\" \/>\n\t<meta name=\"twitter:data1\" content=\"Sam Doran\" \/>\n\t<meta name=\"twitter:label2\" content=\"Szacowany czas czytania\" \/>\n\t<meta name=\"twitter:data2\" content=\"6 minut\" \/>\n<script type=\"application\/ld+json\" class=\"yoast-schema-graph\">{\"@context\":\"https:\\\/\\\/schema.org\",\"@graph\":[{\"@type\":\"Article\",\"@id\":\"https:\\\/\\\/meritmusic.org\\\/anthony-mcgill-masterclass\\\/#article\",\"isPartOf\":{\"@id\":\"https:\\\/\\\/meritmusic.org\\\/anthony-mcgill-masterclass\\\/\"},\"author\":{\"name\":\"Sam Doran\",\"@id\":\"https:\\\/\\\/meritmusic.org\\\/#\\\/schema\\\/person\\\/aa6117fa87f1353a6f53048298a481dd\"},\"headline\":\"Anthony McGill Returns to Merit to Inspire the Next Generation of Musicians\",\"datePublished\":\"2024-11-21T20:35:13+00:00\",\"dateModified\":\"2025-11-07T17:56:20+00:00\",\"mainEntityOfPage\":{\"@id\":\"https:\\\/\\\/meritmusic.org\\\/anthony-mcgill-masterclass\\\/\"},\"wordCount\":604,\"publisher\":{\"@id\":\"https:\\\/\\\/meritmusic.org\\\/#organization\"},\"image\":{\"@id\":\"https:\\\/\\\/meritmusic.org\\\/anthony-mcgill-masterclass\\\/#primaryimage\"},\"thumbnailUrl\":\"https:\\\/\\\/i0.wp.com\\\/meritmusic.org\\\/wp-content\\\/uploads\\\/2024\\\/11\\\/anthony-mcgill-masterclass.jpg?fit=1024%2C782&ssl=1\",\"articleSection\":[\"Band Alumni\",\"Stories\"],\"inLanguage\":\"pl-PL\"},{\"@type\":\"WebPage\",\"@id\":\"https:\\\/\\\/meritmusic.org\\\/anthony-mcgill-masterclass\\\/\",\"url\":\"https:\\\/\\\/meritmusic.org\\\/anthony-mcgill-masterclass\\\/\",\"name\":\"Anthony McGill Inspires the Next Generation of Musicians\",\"isPartOf\":{\"@id\":\"https:\\\/\\\/meritmusic.org\\\/#website\"},\"primaryImageOfPage\":{\"@id\":\"https:\\\/\\\/meritmusic.org\\\/anthony-mcgill-masterclass\\\/#primaryimage\"},\"image\":{\"@id\":\"https:\\\/\\\/meritmusic.org\\\/anthony-mcgill-masterclass\\\/#primaryimage\"},\"thumbnailUrl\":\"https:\\\/\\\/i0.wp.com\\\/meritmusic.org\\\/wp-content\\\/uploads\\\/2024\\\/11\\\/anthony-mcgill-masterclass.jpg?fit=1024%2C782&ssl=1\",\"datePublished\":\"2024-11-21T20:35:13+00:00\",\"dateModified\":\"2025-11-07T17:56:20+00:00\",\"description\":\"Internationally acclaimed clarinetist and Merit alum Anthony McGill returned for an inspiring masterclass.\",\"breadcrumb\":{\"@id\":\"https:\\\/\\\/meritmusic.org\\\/anthony-mcgill-masterclass\\\/#breadcrumb\"},\"inLanguage\":\"pl-PL\",\"potentialAction\":[{\"@type\":\"ReadAction\",\"target\":[\"https:\\\/\\\/meritmusic.org\\\/anthony-mcgill-masterclass\\\/\"]}]},{\"@type\":\"ImageObject\",\"inLanguage\":\"pl-PL\",\"@id\":\"https:\\\/\\\/meritmusic.org\\\/anthony-mcgill-masterclass\\\/#primaryimage\",\"url\":\"https:\\\/\\\/i0.wp.com\\\/meritmusic.org\\\/wp-content\\\/uploads\\\/2024\\\/11\\\/anthony-mcgill-masterclass.jpg?fit=1024%2C782&ssl=1\",\"contentUrl\":\"https:\\\/\\\/i0.wp.com\\\/meritmusic.org\\\/wp-content\\\/uploads\\\/2024\\\/11\\\/anthony-mcgill-masterclass.jpg?fit=1024%2C782&ssl=1\",\"width\":1024,\"height\":782,\"caption\":\"Three students stand with Anthony McGill. All are holding clarinets\"},{\"@type\":\"BreadcrumbList\",\"@id\":\"https:\\\/\\\/meritmusic.org\\\/anthony-mcgill-masterclass\\\/#breadcrumb\",\"itemListElement\":[{\"@type\":\"ListItem\",\"position\":1,\"name\":\"Home\",\"item\":\"https:\\\/\\\/meritmusic.org\\\/\"},{\"@type\":\"ListItem\",\"position\":2,\"name\":\"Anthony McGill Returns to Merit to Inspire the Next Generation of Musicians\"}]},{\"@type\":\"WebSite\",\"@id\":\"https:\\\/\\\/meritmusic.org\\\/#website\",\"url\":\"https:\\\/\\\/meritmusic.org\\\/\",\"name\":\"Merit School of Music\",\"description\":\"Merit School of Music is a nationally accredited music school located in Chicago, removing barriers to high-quality music education.\",\"publisher\":{\"@id\":\"https:\\\/\\\/meritmusic.org\\\/#organization\"},\"potentialAction\":[{\"@type\":\"SearchAction\",\"target\":{\"@type\":\"EntryPoint\",\"urlTemplate\":\"https:\\\/\\\/meritmusic.org\\\/?s={search_term_string}\"},\"query-input\":{\"@type\":\"PropertyValueSpecification\",\"valueRequired\":true,\"valueName\":\"search_term_string\"}}],\"inLanguage\":\"pl-PL\"},{\"@type\":\"Organization\",\"@id\":\"https:\\\/\\\/meritmusic.org\\\/#organization\",\"name\":\"Merit School of Music\",\"url\":\"https:\\\/\\\/meritmusic.org\\\/\",\"logo\":{\"@type\":\"ImageObject\",\"inLanguage\":\"pl-PL\",\"@id\":\"https:\\\/\\\/meritmusic.org\\\/#\\\/schema\\\/logo\\\/image\\\/\",\"url\":\"https:\\\/\\\/i0.wp.com\\\/meritmusic.org\\\/wp-content\\\/uploads\\\/2022\\\/09\\\/Merit_logo.png?fit=195%2C90&ssl=1\",\"contentUrl\":\"https:\\\/\\\/i0.wp.com\\\/meritmusic.org\\\/wp-content\\\/uploads\\\/2022\\\/09\\\/Merit_logo.png?fit=195%2C90&ssl=1\",\"width\":195,\"height\":90,\"caption\":\"Merit School of Music\"},\"image\":{\"@id\":\"https:\\\/\\\/meritmusic.org\\\/#\\\/schema\\\/logo\\\/image\\\/\"}},{\"@type\":\"Person\",\"@id\":\"https:\\\/\\\/meritmusic.org\\\/#\\\/schema\\\/person\\\/aa6117fa87f1353a6f53048298a481dd\",\"name\":\"Sam Doran\",\"image\":{\"@type\":\"ImageObject\",\"inLanguage\":\"pl-PL\",\"@id\":\"https:\\\/\\\/secure.gravatar.com\\\/avatar\\\/423081efeb6ee2a00ad097b737c1f20796bca43c3a586a602c683bd7175bf5b5?s=96&d=mm&r=g\",\"url\":\"https:\\\/\\\/secure.gravatar.com\\\/avatar\\\/423081efeb6ee2a00ad097b737c1f20796bca43c3a586a602c683bd7175bf5b5?s=96&d=mm&r=g\",\"contentUrl\":\"https:\\\/\\\/secure.gravatar.com\\\/avatar\\\/423081efeb6ee2a00ad097b737c1f20796bca43c3a586a602c683bd7175bf5b5?s=96&d=mm&r=g\",\"caption\":\"Sam Doran\"},\"sameAs\":[\"https:\\\/\\\/meritmusic.org\\\/\"],\"url\":\"https:\\\/\\\/meritmusic.org\\\/pl\\\/author\\\/sdoran\\\/\"}]}<\/script>\n<!-- \/ Yoast SEO plugin. -->","yoast_head_json":{"title":"Anthony McGill Inspires the Next Generation of Musicians","description":"Internationally acclaimed clarinetist and Merit alum Anthony McGill returned for an inspiring masterclass.","robots":{"index":"index","follow":"follow","max-snippet":"max-snippet:-1","max-image-preview":"max-image-preview:large","max-video-preview":"max-video-preview:-1"},"canonical":"https:\/\/meritmusic.org\/pl\/anthony-mcgill-masterclass\/","og_locale":"pl_PL","og_type":"article","og_title":"Anthony McGill Inspires the Next Generation of Musicians","og_description":"Internationally acclaimed clarinetist and Merit alum Anthony McGill returned for an inspiring masterclass.","og_url":"https:\/\/meritmusic.org\/pl\/anthony-mcgill-masterclass\/","og_site_name":"Merit School of Music","article_published_time":"2024-11-21T20:35:13+00:00","article_modified_time":"2025-11-07T17:56:20+00:00","author":"Sam Doran","twitter_card":"summary_large_image","twitter_misc":{"Napisane przez":"Sam Doran","Szacowany czas czytania":"6 minut"},"schema":{"@context":"https:\/\/schema.org","@graph":[{"@type":"Article","@id":"https:\/\/meritmusic.org\/anthony-mcgill-masterclass\/#article","isPartOf":{"@id":"https:\/\/meritmusic.org\/anthony-mcgill-masterclass\/"},"author":{"name":"Sam Doran","@id":"https:\/\/meritmusic.org\/#\/schema\/person\/aa6117fa87f1353a6f53048298a481dd"},"headline":"Anthony McGill Returns to Merit to Inspire the Next Generation of Musicians","datePublished":"2024-11-21T20:35:13+00:00","dateModified":"2025-11-07T17:56:20+00:00","mainEntityOfPage":{"@id":"https:\/\/meritmusic.org\/anthony-mcgill-masterclass\/"},"wordCount":604,"publisher":{"@id":"https:\/\/meritmusic.org\/#organization"},"image":{"@id":"https:\/\/meritmusic.org\/anthony-mcgill-masterclass\/#primaryimage"},"thumbnailUrl":"https:\/\/i0.wp.com\/meritmusic.org\/wp-content\/uploads\/2024\/11\/anthony-mcgill-masterclass.jpg?fit=1024%2C782&ssl=1","articleSection":["Band Alumni","Stories"],"inLanguage":"pl-PL"},{"@type":"WebPage","@id":"https:\/\/meritmusic.org\/anthony-mcgill-masterclass\/","url":"https:\/\/meritmusic.org\/anthony-mcgill-masterclass\/","name":"Anthony McGill Inspires the Next Generation of Musicians","isPartOf":{"@id":"https:\/\/meritmusic.org\/#website"},"primaryImageOfPage":{"@id":"https:\/\/meritmusic.org\/anthony-mcgill-masterclass\/#primaryimage"},"image":{"@id":"https:\/\/meritmusic.org\/anthony-mcgill-masterclass\/#primaryimage"},"thumbnailUrl":"https:\/\/i0.wp.com\/meritmusic.org\/wp-content\/uploads\/2024\/11\/anthony-mcgill-masterclass.jpg?fit=1024%2C782&ssl=1","datePublished":"2024-11-21T20:35:13+00:00","dateModified":"2025-11-07T17:56:20+00:00","description":"Internationally acclaimed clarinetist and Merit alum Anthony McGill returned for an inspiring masterclass.","breadcrumb":{"@id":"https:\/\/meritmusic.org\/anthony-mcgill-masterclass\/#breadcrumb"},"inLanguage":"pl-PL","potentialAction":[{"@type":"ReadAction","target":["https:\/\/meritmusic.org\/anthony-mcgill-masterclass\/"]}]},{"@type":"ImageObject","inLanguage":"pl-PL","@id":"https:\/\/meritmusic.org\/anthony-mcgill-masterclass\/#primaryimage","url":"https:\/\/i0.wp.com\/meritmusic.org\/wp-content\/uploads\/2024\/11\/anthony-mcgill-masterclass.jpg?fit=1024%2C782&ssl=1","contentUrl":"https:\/\/i0.wp.com\/meritmusic.org\/wp-content\/uploads\/2024\/11\/anthony-mcgill-masterclass.jpg?fit=1024%2C782&ssl=1","width":1024,"height":782,"caption":"Three students stand with Anthony McGill. All are holding clarinets"},{"@type":"BreadcrumbList","@id":"https:\/\/meritmusic.org\/anthony-mcgill-masterclass\/#breadcrumb","itemListElement":[{"@type":"ListItem","position":1,"name":"Home","item":"https:\/\/meritmusic.org\/"},{"@type":"ListItem","position":2,"name":"Anthony McGill Returns to Merit to Inspire the Next Generation of Musicians"}]},{"@type":"WebSite","@id":"https:\/\/meritmusic.org\/#website","url":"https:\/\/meritmusic.org\/","name":"Zas\u0142u\u017cona Szko\u0142a Muzyczna","description":"Merit School of Music to akredytowana na szczeblu krajowym szko\u0142a muzyczna z siedzib\u0105 w Chicago, usuwaj\u0105ca bariery w wysokiej jako\u015bci edukacji muzycznej.","publisher":{"@id":"https:\/\/meritmusic.org\/#organization"},"potentialAction":[{"@type":"SearchAction","target":{"@type":"EntryPoint","urlTemplate":"https:\/\/meritmusic.org\/?s={search_term_string}"},"query-input":{"@type":"PropertyValueSpecification","valueRequired":true,"valueName":"search_term_string"}}],"inLanguage":"pl-PL"},{"@type":"Organization","@id":"https:\/\/meritmusic.org\/#organization","name":"Zas\u0142u\u017cona Szko\u0142a Muzyczna","url":"https:\/\/meritmusic.org\/","logo":{"@type":"ImageObject","inLanguage":"pl-PL","@id":"https:\/\/meritmusic.org\/#\/schema\/logo\/image\/","url":"https:\/\/i0.wp.com\/meritmusic.org\/wp-content\/uploads\/2022\/09\/Merit_logo.png?fit=195%2C90&ssl=1","contentUrl":"https:\/\/i0.wp.com\/meritmusic.org\/wp-content\/uploads\/2022\/09\/Merit_logo.png?fit=195%2C90&ssl=1","width":195,"height":90,"caption":"Merit School of Music"},"image":{"@id":"https:\/\/meritmusic.org\/#\/schema\/logo\/image\/"}},{"@type":"Person","@id":"https:\/\/meritmusic.org\/#\/schema\/person\/aa6117fa87f1353a6f53048298a481dd","name":"Sama Dorana","image":{"@type":"ImageObject","inLanguage":"pl-PL","@id":"https:\/\/secure.gravatar.com\/avatar\/423081efeb6ee2a00ad097b737c1f20796bca43c3a586a602c683bd7175bf5b5?s=96&d=mm&r=g","url":"https:\/\/secure.gravatar.com\/avatar\/423081efeb6ee2a00ad097b737c1f20796bca43c3a586a602c683bd7175bf5b5?s=96&d=mm&r=g","contentUrl":"https:\/\/secure.gravatar.com\/avatar\/423081efeb6ee2a00ad097b737c1f20796bca43c3a586a602c683bd7175bf5b5?s=96&d=mm&r=g","caption":"Sam Doran"},"sameAs":["https:\/\/meritmusic.org\/"],"url":"https:\/\/meritmusic.org\/pl\/author\/sdoran\/"}]}},"jetpack_featured_media_url":"https:\/\/i0.wp.com\/meritmusic.org\/wp-content\/uploads\/2024\/11\/anthony-mcgill-masterclass.jpg?fit=1024%2C782&ssl=1","jetpack_sharing_enabled":true,"_links":{"self":[{"href":"https:\/\/meritmusic.org\/pl\/wp-json\/wp\/v2\/posts\/49352","targetHints":{"allow":["GET"]}}],"collection":[{"href":"https:\/\/meritmusic.org\/pl\/wp-json\/wp\/v2\/posts"}],"about":[{"href":"https:\/\/meritmusic.org\/pl\/wp-json\/wp\/v2\/types\/post"}],"author":[{"embeddable":true,"href":"https:\/\/meritmusic.org\/pl\/wp-json\/wp\/v2\/users\/10"}],"replies":[{"embeddable":true,"href":"https:\/\/meritmusic.org\/pl\/wp-json\/wp\/v2\/comments?post=49352"}],"version-history":[{"count":0,"href":"https:\/\/meritmusic.org\/pl\/wp-json\/wp\/v2\/posts\/49352\/revisions"}],"wp:featuredmedia":[{"embeddable":true,"href":"https:\/\/meritmusic.org\/pl\/wp-json\/wp\/v2\/media\/49354"}],"wp:attachment":[{"href":"https:\/\/meritmusic.org\/pl\/wp-json\/wp\/v2\/media?parent=49352"}],"wp:term":[{"taxonomy":"category","embeddable":true,"href":"https:\/\/meritmusic.org\/pl\/wp-json\/wp\/v2\/categories?post=49352"},{"taxonomy":"post_tag","embeddable":true,"href":"https:\/\/meritmusic.org\/pl\/wp-json\/wp\/v2\/tags?post=49352"},{"taxonomy":"post_folder","embeddable":true,"href":"https:\/\/meritmusic.org\/pl\/wp-json\/wp\/v2\/post_folder?post=49352"}],"curies":[{"name":"wp","href":"https:\/\/api.w.org\/{rel}","templated":true}]}}