{"id":44722,"date":"2017-12-18T12:23:13","date_gmt":"2017-12-18T18:23:13","guid":{"rendered":"https:\/\/meritmusic.org\/?p=44722"},"modified":"2024-03-25T14:02:46","modified_gmt":"2024-03-25T19:02:46","slug":"alumni-spotlight-noah-meites","status":"publish","type":"post","link":"https:\/\/meritmusic.org\/pl\/alumni-spotlight-noah-meites\/","title":{"rendered":"Wyr\u00f3\u017cnieni absolwenci: Noah Meites"},"content":{"rendered":"<div data-elementor-type=\"wp-post\" data-elementor-id=\"44722\" class=\"elementor elementor-44722\" data-elementor-post-type=\"post\">\n\t\t\t\t\t\t<section class=\"elementor-section elementor-top-section elementor-element elementor-element-fc89d16 elementor-section-boxed elementor-section-height-default elementor-section-height-default\" data-id=\"fc89d16\" data-element_type=\"section\" data-e-type=\"section\">\n\t\t\t\t\t\t<div class=\"elementor-container elementor-column-gap-default\">\n\t\t\t\t\t<div class=\"elementor-column elementor-col-100 elementor-top-column elementor-element elementor-element-1986358\" data-id=\"1986358\" data-element_type=\"column\" data-e-type=\"column\">\n\t\t\t<div class=\"elementor-widget-wrap elementor-element-populated\">\n\t\t\t\t\t\t<div class=\"elementor-element elementor-element-5623b63 elementor-widget elementor-widget-image\" data-id=\"5623b63\" data-element_type=\"widget\" data-e-type=\"widget\" data-widget_type=\"image.default\">\n\t\t\t\t<div class=\"elementor-widget-container\">\n\t\t\t\t\t\t\t\t\t\t\t\t\t\t\t<img fetchpriority=\"high\" decoding=\"async\" width=\"1200\" height=\"900\" src=\"https:\/\/i0.wp.com\/meritmusic.org\/wp-content\/uploads\/2017\/12\/alumni-spotlight-noah-meites-feat.jpg?fit=1200%2C900&amp;ssl=1\" class=\"attachment-full size-full wp-image-44797\" alt=\"A headshot of Noah Meites, smiling\" srcset=\"https:\/\/i0.wp.com\/meritmusic.org\/wp-content\/uploads\/2017\/12\/alumni-spotlight-noah-meites-feat.jpg?w=1200&amp;ssl=1 1200w, https:\/\/i0.wp.com\/meritmusic.org\/wp-content\/uploads\/2017\/12\/alumni-spotlight-noah-meites-feat.jpg?resize=300%2C225&amp;ssl=1 300w, https:\/\/i0.wp.com\/meritmusic.org\/wp-content\/uploads\/2017\/12\/alumni-spotlight-noah-meites-feat.jpg?resize=1024%2C768&amp;ssl=1 1024w, https:\/\/i0.wp.com\/meritmusic.org\/wp-content\/uploads\/2017\/12\/alumni-spotlight-noah-meites-feat.jpg?resize=768%2C576&amp;ssl=1 768w, https:\/\/i0.wp.com\/meritmusic.org\/wp-content\/uploads\/2017\/12\/alumni-spotlight-noah-meites-feat.jpg?resize=16%2C12&amp;ssl=1 16w\" sizes=\"(max-width: 1000px) 100vw, 1000px\" \/>\t\t\t\t\t\t\t\t\t\t\t\t\t\t\t<\/div>\n\t\t\t\t<\/div>\n\t\t\t\t\t<\/div>\n\t\t<\/div>\n\t\t\t\t\t<\/div>\n\t\t<\/section>\n\t\t\t\t<section class=\"elementor-section elementor-top-section elementor-element elementor-element-d3e1538 elementor-section-boxed elementor-section-height-default elementor-section-height-default\" data-id=\"d3e1538\" data-element_type=\"section\" data-e-type=\"section\">\n\t\t\t\t\t\t<div class=\"elementor-container elementor-column-gap-default\">\n\t\t\t\t\t<div class=\"elementor-column elementor-col-100 elementor-top-column elementor-element elementor-element-1bae3593\" data-id=\"1bae3593\" data-element_type=\"column\" data-e-type=\"column\">\n\t\t\t<div class=\"elementor-widget-wrap elementor-element-populated\">\n\t\t\t\t\t\t<div class=\"elementor-element elementor-element-b8caa6d elementor-widget elementor-widget-text-editor\" data-id=\"b8caa6d\" data-element_type=\"widget\" data-e-type=\"widget\" data-widget_type=\"text-editor.default\">\n\t\t\t\t<div class=\"elementor-widget-container\">\n\t\t\t\t\t\t\t\t\t<ul><li class=\"SubheadingText\" data-gcf-font-size=\"12pt\"><strong>Rok (lata) ucz\u0119szczania Zas\u0142ugi:<\/strong> 1994 \u2013 2001<\/li><li class=\"SubheadingText\" data-gcf-font-size=\"12pt\"><strong>Programy:\u00a0<\/strong><em>Konserwatorium Alice S. Pfaelzer<\/em><\/li><li class=\"SubheadingText\" data-gcf-font-size=\"12pt\"><strong>Instrument(y):\u00a0<\/strong>Tr\u0105bka<\/li><li class=\"SubheadingText\" data-gcf-font-size=\"12pt\"><strong>Miasto rodzinne:\u00a0<\/strong>Chicago, Illinois<\/li><li class=\"SubheadingText\" data-gcf-font-size=\"12pt\"><strong>Wykszta\u0142cenie (ostatnie): <\/strong>Kr\u00f3lewskie Konserwatorium w Hadze, Haga, Holandia, Studium podoktoranckie (kompozycja muzyczna), 2013; University of California Santa Cruz, Santa Cruz, Kalifornia, doktor sztuk muzycznych (kompozycja muzyczna), 2012<\/li><li data-gcf-font-size=\"12pt\"><strong>Obecny zaw\u00f3d:<\/strong> Muzyk, kompozytor, performer i wyk\u0142adowca w Herb Alpert School of Music i The Colburn School na Uniwersytecie Kalifornijskim w Los Angeles. Wsp\u00f3\u0142za\u0142o\u017cyciel LA Signal Lab, kolektywu kompozytor\u00f3w i wykonawc\u00f3w eksploruj\u0105cych nowe brzmienia w Los Angeles.<\/li><li><strong>Rada Noego dla m\u0142odych kompozytor\u00f3w: <\/strong>Nie spiesz si\u0119 z okre\u015bleniem siebie \u2013 \u017cyj tw\u00f3rczym \u017cyciem, a b\u0119dziesz pisa\u0107 kreatywn\u0105 muzyk\u0119!<\/li><\/ul>\t\t\t\t\t\t\t\t<\/div>\n\t\t\t\t<\/div>\n\t\t\t\t<div class=\"elementor-element elementor-element-7933627 elementor-widget elementor-widget-heading\" data-id=\"7933627\" data-element_type=\"widget\" data-e-type=\"widget\" data-widget_type=\"heading.default\">\n\t\t\t\t<div class=\"elementor-widget-container\">\n\t\t\t\t\t<h2 class=\"elementor-heading-title elementor-size-default\">Pytania i odpowiedzi<\/h2>\t\t\t\t<\/div>\n\t\t\t\t<\/div>\n\t\t\t\t<div class=\"elementor-element elementor-element-6cdf273 elementor-widget elementor-widget-text-editor\" data-id=\"6cdf273\" data-element_type=\"widget\" data-e-type=\"widget\" data-widget_type=\"text-editor.default\">\n\t\t\t\t<div class=\"elementor-widget-container\">\n\t\t\t\t\t\t\t\t\t<p><strong>Jakimi zabawnymi faktami chcia\u0142by\u015b si\u0119 podzieli\u0107 z Merit folk? Ulubione wspomnienie Merit, nauczyciel, wyst\u0119p itp.?<\/strong><\/p><p>Opr\u00f3cz zabytk\u00f3w i d\u017awi\u0119k\u00f3w starego <strong><a href=\"https:\/\/en.wikipedia.org\/wiki\/Dearborn_Station\" target=\"_blank\" rel=\"noopener\">Stacja Dearborn<\/a><\/strong>, musia\u0142bym powiedzie\u0107 <strong><a href=\"https:\/\/meritmusic.org\/pl\/band-classes-lessons\/\">zaj\u0119cia z tr\u0105bki<\/a><\/strong> z Davidem Spencerem oraz gra w zespole jazzowym Chipa Gdalmana. Pan Spencer by\u0142 wymagaj\u0105cym nauczycielem (ulubiony cytat: \u201eNoah, jeste\u015b wspania\u0142y\u2026 w swoim mniemaniu\u201d), ale jego wysokie standardy i autentyczna troska o uczni\u00f3w zainspirowa\u0142y mnie do rozwini\u0119cia silnej etyki pracy i doskonalenia si\u0119 jako Gracz na tr\u0105bce. Jako dyrektor zespo\u0142u jazzowego Chip Gdalman da\u0142 mi si\u0142\u0119 do bycia liderem zar\u00f3wno w sekcji tr\u0119baczy, jak i szerzej w zespole. Zaanga\u017cowanie i poczucie humoru Chipa wywar\u0142y na mnie niezatarte wra\u017cenie. Bardzo podoba\u0142y mi si\u0119 tak\u017ce zgromadzenia Merit (tyle dobrych drzemek!). A tak na serio, szczeg\u00f3lnie mi\u0142o wspominam wyst\u0119p altowiolisty Charliego Piklera z CSO w pewn\u0105 sobot\u0119 \u2013 nigdy wcze\u015bniej nie s\u0142ysza\u0142em <strong><a href=\"https:\/\/meritmusic.org\/pl\/strings-orchestra-classes-lessons\/\">instrument smyczkowy<\/a><\/strong> wcze\u015bniej gra\u0142o tak pi\u0119knie!<\/p><p><strong>Od chwili uko\u0144czenia<em> Konserwatorium Alice S. Pfaelzer<\/em> w 2001 roku zosta\u0142e\u015b naprawd\u0119 utalentowanym muzykiem, kompozytorem i wyk\u0142adowc\u0105. Bra\u0142a\u015b udzia\u0142 w r\u00f3\u017cnorodnych wyst\u0119pach krajowych i mi\u0119dzynarodowych, uko\u0144czy\u0142a\u015b studia podoktorskie w Kr\u00f3lewskim Konserwatorium w Hadze w Holandii oraz wyk\u0142ada\u0142a\u015b w UCLA Herb Alpert School of Music i The Colburn School. W jaki spos\u00f3b czas sp\u0119dzony w Merit przygotowa\u0142 Ci\u0119 na te mo\u017cliwo\u015bci?<\/strong><\/p><p>R\u00f3\u017cnorodno\u015b\u0107 zaj\u0119\u0107, w kt\u00f3rych bra\u0142em udzia\u0142 w Merit (klasa gry na tr\u0105bce, zesp\u00f3\u0142 d\u0119ty, orkiestra, zesp\u00f3\u0142 jazzowy, honorowe combo jazzowe, teoria i zaj\u0119cia z kszta\u0142cenia s\u0142uchu) mia\u0142a wp\u0142yw na m\u00f3j rozw\u00f3j jako muzyka. Dzi\u015b, niezale\u017cnie od tego, czy komponuj\u0119, wyst\u0119puj\u0119, czy nauczam, podstawy muzyczne, kt\u00f3re rozwin\u0105\u0142em w Merit, pozwalaj\u0105 mi czu\u0107 si\u0119 komfortowo w niemal ka\u017cdej muzycznej sytuacji. Merit pomog\u0142o mi doskonali\u0107 moje umiej\u0119tno\u015bci muzyczne, ale bycie cz\u0119\u015bci\u0105 spo\u0142eczno\u015bci Merit zrobi\u0142o jeszcze wi\u0119cej dla mnie jako osoby. Bycie odnosz\u0105cym sukcesy profesjonalnym muzykiem ma wiele wsp\u00f3lnego ze zdolno\u015bci\u0105 i ch\u0119ci\u0105 do wsp\u00f3\u0142pracy. Zas\u0142ugi pozwoli\u0142y mi na interakcj\u0119 z r\u00f3\u017cnymi uczniami i nauczycielami z ca\u0142ego Chicago w r\u00f3\u017cnych kontekstach, od pr\u00f3b, przez wyst\u0119py, po pizze. Nieocenione umiej\u0119tno\u015bci interpersonalne, kt\u00f3re wykszta\u0142ci\u0142em w Merit, wykorzystuj\u0119 niemal na co dzie\u0144 zawodowo.<\/p><p><strong>Jakiej rady udzieli\u0142by\u015b obecnym studentom Merit i absolwentom Merit, kt\u00f3rzy marz\u0105 o karierze kompozytorskiej? Jakie przeszkody pokona\u0142e\u015b, dojrzewaj\u0105c jako kompozytor?<\/strong><\/p><p>Do \u201eklasycznej\u201d kompozycji doszed\u0142em stosunkowo p\u00f3\u017ano, bo maj\u0105c oko\u0142o dwudziestu lat, po uko\u0144czeniu studi\u00f3w z zakresu improwizacji jazzowej, graniu w zespo\u0142ach, uko\u0144czeniu studi\u00f3w literackich i zamieszkaniu za granic\u0105. Te r\u00f3\u017cnorodne do\u015bwiadczenia pomog\u0142y mi ukszta\u0142towa\u0107 m\u00f3j artystyczny g\u0142os i moj\u0105 najlepsz\u0105 rad\u0105 dla student\u00f3w\/absolwent\u00f3w Merit zainteresowanych karier\u0105 kompozytorsk\u0105 by\u0142oby pozostanie otwartym na mo\u017cliwie najszerszy zakres do\u015bwiadcze\u0144 (zar\u00f3wno muzycznych, jak i innych), jednocze\u015bnie pozostaj\u0105c aktywnym muzyk wyst\u0119puj\u0105cy. Obecnie m\u0142odzi kompozytorzy maj\u0105 r\u00f3\u017cnorodne mo\u017cliwo\u015bci (np. odczyty, konkursy, letnie festiwale, warsztaty itp.). Chocia\u017c takie mo\u017cliwo\u015bci s\u0105 wspania\u0142e, je\u015bli chodzi o nauk\u0119 techniki i budowanie portfolio, mog\u0105 mie\u0107 r\u00f3wnie\u017c niekorzystny wp\u0142yw na \u201eprofesjonalizacj\u0119\u201d m\u0142odych kompozytor\u00f3w na zbyt wczesnym etapie ich rozwoju artystycznego. Nie spiesz si\u0119 z okre\u015bleniem siebie \u2013 \u017cyj tw\u00f3rczym \u017cyciem, a b\u0119dziesz pisa\u0107 kreatywn\u0105 muzyk\u0119!<\/p><p><strong>Opowiedz nam wi\u0119cej o wsp\u00f3\u0142za\u0142o\u017ceniu LA Signal Lab, eksploracji nowych d\u017awi\u0119k\u00f3w w Los Angeles. Co zainspirowa\u0142o Ci\u0119 do za\u0142o\u017cenia tej grupy i co jest na horyzoncie odno\u015bnie wyst\u0119p\u00f3w\/wydarze\u0144?<\/strong><\/p><p><strong><a href=\"https:\/\/la-signallab.com\/\" target=\"_blank\" rel=\"noopener\">Laboratorium sygna\u0142owe w Los Angeles<\/a><\/strong> (LASL) to kolektyw kompozytorsko-wykonawczy, kt\u00f3ry za\u0142o\u017cy\u0142em na pocz\u0105tku 2015 roku wraz z Danem Marschakiem, Hitomi Oba i Nickiem DePinn\u0105. Wszyscy jeste\u015bmy kompozytorami z klasycznym wykszta\u0142ceniem, a tak\u017ce improwizatorami jazzowymi, dlatego za\u0142o\u017cyli\u015bmy LASL, aby zamawia\u0107, wykonywa\u0107 i nagrywa\u0107 nowe dzie\u0142a, kt\u00f3re \u0142\u0105cz\u0105 te dwa \u015bwiaty. Cho\u0107 mamy dopiero trzy lata, LASL mia\u0142 ju\u017c na swoim koncie premier\u0119 dwunastu nowych utwor\u00f3w, nagra\u0142 dwa albumy studyjne i wsp\u00f3\u0142pracowa\u0142 z kilkoma wybitnymi zespo\u0142ami nowej muzyki, w tym HOCKET i Aperture Duo. Jak dot\u0105d mieli\u015bmy ekscytuj\u0105cy sezon, obejmuj\u0105cy wyst\u0119p wy\u0142\u0105cznie na stoj\u0105co na stadionie <strong><a href=\"https:\/\/www.laphil.com\/\" target=\"_blank\" rel=\"noopener\">Los Angeles Phila<\/a><\/strong> Maraton muzyki wsp\u00f3\u0142czesnej \u201eOd po\u0142udnia do p\u00f3\u0142nocy\u201d. Obecnie pracujemy nad wsp\u00f3lnym utworem multimedialnym o d\u0142ugo\u015bci koncertu, kt\u00f3ry b\u0119dzie omawiany w warsztatach tej wiosny, a premiera w przysz\u0142ym sezonie.<\/p><p><strong>Jakie s\u0105 twoje muzyczne cele na przysz\u0142y rok?<\/strong><\/p><p>Opr\u00f3cz moich projekt\u00f3w z LA Signal Lab, obecnie pracuj\u0119 nad zam\u00f3wieniem ch\u00f3ru i zespo\u0142u kameralnego dla zespo\u0142u Arkora z Vancouver oraz koncertem kameralnym dla Wild Up, zespo\u0142u muzyki wsp\u00f3\u0142czesnej z siedzib\u0105 w Los Angeles. Kolejny cel: znale\u017a\u0107 wi\u0119cej czasu na \u0107wiczenie gry na tr\u0105bce!<\/p>\t\t\t\t\t\t\t\t<\/div>\n\t\t\t\t<\/div>\n\t\t\t\t\t<\/div>\n\t\t<\/div>\n\t\t\t\t\t<\/div>\n\t\t<\/section>\n\t\t\t\t<section class=\"elementor-section elementor-top-section elementor-element elementor-element-41c62ec elementor-section-content-middle elementor-section-boxed elementor-section-height-default elementor-section-height-default\" data-id=\"41c62ec\" data-element_type=\"section\" data-e-type=\"section\" data-settings=\"{&quot;background_background&quot;:&quot;classic&quot;,&quot;animation&quot;:&quot;none&quot;}\">\n\t\t\t\t\t\t<div class=\"elementor-container elementor-column-gap-no\">\n\t\t\t\t\t<div class=\"elementor-column elementor-col-100 elementor-top-column elementor-element elementor-element-a207949\" data-id=\"a207949\" data-element_type=\"column\" data-e-type=\"column\" data-settings=\"{&quot;background_background&quot;:&quot;classic&quot;}\">\n\t\t\t<div class=\"elementor-widget-wrap elementor-element-populated\">\n\t\t\t\t\t\t<div class=\"elementor-element elementor-element-e3781a0 elementor-invisible elementor-widget elementor-widget-heading\" data-id=\"e3781a0\" data-element_type=\"widget\" data-e-type=\"widget\" data-settings=\"{&quot;_animation&quot;:&quot;fadeInRight&quot;}\" data-widget_type=\"heading.default\">\n\t\t\t\t<div class=\"elementor-widget-container\">\n\t\t\t\t\t<h4 class=\"elementor-heading-title elementor-size-default\">Nie przegap naszej nast\u0119pnej historii!<\/h4>\t\t\t\t<\/div>\n\t\t\t\t<\/div>\n\t\t\t\t<div class=\"elementor-element elementor-element-e1ccbe5 elementor-widget elementor-widget-text-editor\" data-id=\"e1ccbe5\" data-element_type=\"widget\" data-e-type=\"widget\" data-widget_type=\"text-editor.default\">\n\t\t\t\t<div class=\"elementor-widget-container\">\n\t\t\t\t\t\t\t\t\t<center>\n<h6><span style=\"color: #ffffff;\">Zapisz si\u0119 do naszego comiesi\u0119cznego biuletynu, aby otrzymywa\u0107 najnowsze historie o wp\u0142ywie.<\/span><\/h6>\n<\/center>\t\t\t\t\t\t\t\t<\/div>\n\t\t\t\t<\/div>\n\t\t\t\t<div class=\"elementor-element elementor-element-d30fd6b elementor-widget__width-initial elementor-widget elementor-widget-hubspot-form\" data-id=\"d30fd6b\" data-element_type=\"widget\" data-e-type=\"widget\" data-widget_type=\"hubspot-form.default\">\n\t\t\t\t<div class=\"elementor-widget-container\">\n\t\t\t\t\t\n\t\t\t\t\t\t<script>\n\t\t\t\t\t\t\twindow.hsFormsOnReady = window.hsFormsOnReady || [];\n\t\t\t\t\t\t\twindow.hsFormsOnReady.push(()=>{\n\t\t\t\t\t\t\t\thbspt.forms.create({\n\t\t\t\t\t\t\t\t\tportalId: 20342631,\n\t\t\t\t\t\t\t\t\tformId: \"8b06d4f4-f9e4-4727-b71a-b34871883623\",\n\t\t\t\t\t\t\t\t\ttarget: \"#hbspt-form-1777317592000-7896596589\",\n\t\t\t\t\t\t\t\t\tregion: \"na1\",\n\t\t\t\t\t\t\t\t\t\n\t\t\t\t\t\t\t})});\n\t\t\t\t\t\t<\/script>\n\t\t\t\t\t\t<div class=\"hbspt-form\" id=\"hbspt-form-1777317592000-7896596589\"><\/div>\t\t\t\t<\/div>\n\t\t\t\t<\/div>\n\t\t\t\t\t<\/div>\n\t\t<\/div>\n\t\t\t\t\t<\/div>\n\t\t<\/section>\n\t\t\t\t<\/div>","protected":false},"excerpt":{"rendered":"<p>Year(s) Attended Merit: 1994 &#8211; 2001 Program(s):\u00a0Alice S. Pfaelzer Conservatory Instrument(s):\u00a0Trumpet Hometown:\u00a0Chicago, Illinois Education (most recent): Royal Conservatory of the Hague, the Hague, the Netherlands, Postdoctoral Study (Music Composition), 2013; [&hellip;]<\/p>\n","protected":false},"author":3,"featured_media":44797,"comment_status":"closed","ping_status":"closed","sticky":false,"template":"elementor_theme","format":"standard","meta":{"_acf_changed":false,"content-type":"","site-sidebar-layout":"default","site-content-layout":"","ast-site-content-layout":"default","site-content-style":"default","site-sidebar-style":"default","ast-global-header-display":"","ast-banner-title-visibility":"","ast-main-header-display":"","ast-hfb-above-header-display":"","ast-hfb-below-header-display":"","ast-hfb-mobile-header-display":"","site-post-title":"","ast-breadcrumbs-content":"","ast-featured-img":"","footer-sml-layout":"","ast-disable-related-posts":"","theme-transparent-header-meta":"","adv-header-id-meta":"","stick-header-meta":"","header-above-stick-meta":"","header-main-stick-meta":"","header-below-stick-meta":"","astra-migrate-meta-layouts":"set","ast-page-background-enabled":"default","ast-page-background-meta":{"desktop":{"background-color":"var(--ast-global-color-4)","background-image":"","background-repeat":"repeat","background-position":"center center","background-size":"auto","background-attachment":"scroll","background-type":"","background-media":"","overlay-type":"","overlay-color":"","overlay-opacity":"","overlay-gradient":""},"tablet":{"background-color":"","background-image":"","background-repeat":"repeat","background-position":"center center","background-size":"auto","background-attachment":"scroll","background-type":"","background-media":"","overlay-type":"","overlay-color":"","overlay-opacity":"","overlay-gradient":""},"mobile":{"background-color":"","background-image":"","background-repeat":"repeat","background-position":"center center","background-size":"auto","background-attachment":"scroll","background-type":"","background-media":"","overlay-type":"","overlay-color":"","overlay-opacity":"","overlay-gradient":""}},"ast-content-background-meta":{"desktop":{"background-color":"var(--ast-global-color-5)","background-image":"","background-repeat":"repeat","background-position":"center center","background-size":"auto","background-attachment":"scroll","background-type":"","background-media":"","overlay-type":"","overlay-color":"","overlay-opacity":"","overlay-gradient":""},"tablet":{"background-color":"var(--ast-global-color-5)","background-image":"","background-repeat":"repeat","background-position":"center center","background-size":"auto","background-attachment":"scroll","background-type":"","background-media":"","overlay-type":"","overlay-color":"","overlay-opacity":"","overlay-gradient":""},"mobile":{"background-color":"var(--ast-global-color-5)","background-image":"","background-repeat":"repeat","background-position":"center center","background-size":"auto","background-attachment":"scroll","background-type":"","background-media":"","overlay-type":"","overlay-color":"","overlay-opacity":"","overlay-gradient":""}},"_jetpack_memberships_contains_paid_content":false,"footnotes":""},"categories":[20],"tags":[],"post_folder":[],"class_list":["post-44722","post","type-post","status-publish","format-standard","has-post-thumbnail","hentry","category-stories"],"acf":[],"yoast_head":"<!-- This site is optimized with the Yoast SEO plugin v27.3 - https:\/\/yoast.com\/product\/yoast-seo-wordpress\/ -->\n<title>Merit Alumni Spotlight: Noah Meites<\/title>\n<meta name=\"description\" content=\"Meet Merit School of Music alumni Noah Meites who attended Merit&#039;s Conservatory and studied trumpet and composition.\" \/>\n<meta name=\"robots\" content=\"index, follow, max-snippet:-1, max-image-preview:large, max-video-preview:-1\" \/>\n<link rel=\"canonical\" href=\"https:\/\/meritmusic.org\/pl\/alumni-spotlight-noah-meites\/\" \/>\n<meta property=\"og:locale\" content=\"pl_PL\" \/>\n<meta property=\"og:type\" content=\"article\" \/>\n<meta property=\"og:title\" content=\"Merit Alumni Spotlight: Noah Meites\" \/>\n<meta property=\"og:description\" content=\"Meet Merit School of Music alumni Noah Meites who attended Merit&#039;s Conservatory and studied trumpet and composition.\" \/>\n<meta property=\"og:url\" content=\"https:\/\/meritmusic.org\/pl\/alumni-spotlight-noah-meites\/\" \/>\n<meta property=\"og:site_name\" content=\"Merit School of Music\" \/>\n<meta property=\"article:published_time\" content=\"2017-12-18T18:23:13+00:00\" \/>\n<meta property=\"article:modified_time\" content=\"2024-03-25T19:02:46+00:00\" \/>\n<meta name=\"author\" content=\"Laura Stillman\" \/>\n<meta name=\"twitter:card\" content=\"summary_large_image\" \/>\n<meta name=\"twitter:label1\" content=\"Napisane przez\" \/>\n\t<meta name=\"twitter:data1\" content=\"Laura Stillman\" \/>\n\t<meta name=\"twitter:label2\" content=\"Szacowany czas czytania\" \/>\n\t<meta name=\"twitter:data2\" content=\"4 minuty\" \/>\n<script type=\"application\/ld+json\" class=\"yoast-schema-graph\">{\"@context\":\"https:\\\/\\\/schema.org\",\"@graph\":[{\"@type\":\"Article\",\"@id\":\"https:\\\/\\\/meritmusic.org\\\/alumni-spotlight-noah-meites\\\/#article\",\"isPartOf\":{\"@id\":\"https:\\\/\\\/meritmusic.org\\\/alumni-spotlight-noah-meites\\\/\"},\"author\":{\"name\":\"Laura Stillman\",\"@id\":\"https:\\\/\\\/meritmusic.org\\\/#\\\/schema\\\/person\\\/922144f24242464b3d58b62b8f6e242f\"},\"headline\":\"Alumni Spotlight: Noah Meites\",\"datePublished\":\"2017-12-18T18:23:13+00:00\",\"dateModified\":\"2024-03-25T19:02:46+00:00\",\"mainEntityOfPage\":{\"@id\":\"https:\\\/\\\/meritmusic.org\\\/alumni-spotlight-noah-meites\\\/\"},\"wordCount\":886,\"publisher\":{\"@id\":\"https:\\\/\\\/meritmusic.org\\\/#organization\"},\"image\":{\"@id\":\"https:\\\/\\\/meritmusic.org\\\/alumni-spotlight-noah-meites\\\/#primaryimage\"},\"thumbnailUrl\":\"https:\\\/\\\/i0.wp.com\\\/meritmusic.org\\\/wp-content\\\/uploads\\\/2017\\\/12\\\/alumni-spotlight-noah-meites-feat.jpg?fit=1200%2C900&ssl=1\",\"articleSection\":[\"Stories\"],\"inLanguage\":\"pl-PL\"},{\"@type\":\"WebPage\",\"@id\":\"https:\\\/\\\/meritmusic.org\\\/alumni-spotlight-noah-meites\\\/\",\"url\":\"https:\\\/\\\/meritmusic.org\\\/alumni-spotlight-noah-meites\\\/\",\"name\":\"Merit Alumni Spotlight: Noah Meites\",\"isPartOf\":{\"@id\":\"https:\\\/\\\/meritmusic.org\\\/#website\"},\"primaryImageOfPage\":{\"@id\":\"https:\\\/\\\/meritmusic.org\\\/alumni-spotlight-noah-meites\\\/#primaryimage\"},\"image\":{\"@id\":\"https:\\\/\\\/meritmusic.org\\\/alumni-spotlight-noah-meites\\\/#primaryimage\"},\"thumbnailUrl\":\"https:\\\/\\\/i0.wp.com\\\/meritmusic.org\\\/wp-content\\\/uploads\\\/2017\\\/12\\\/alumni-spotlight-noah-meites-feat.jpg?fit=1200%2C900&ssl=1\",\"datePublished\":\"2017-12-18T18:23:13+00:00\",\"dateModified\":\"2024-03-25T19:02:46+00:00\",\"description\":\"Meet Merit School of Music alumni Noah Meites who attended Merit's Conservatory and studied trumpet and composition.\",\"breadcrumb\":{\"@id\":\"https:\\\/\\\/meritmusic.org\\\/alumni-spotlight-noah-meites\\\/#breadcrumb\"},\"inLanguage\":\"pl-PL\",\"potentialAction\":[{\"@type\":\"ReadAction\",\"target\":[\"https:\\\/\\\/meritmusic.org\\\/alumni-spotlight-noah-meites\\\/\"]}]},{\"@type\":\"ImageObject\",\"inLanguage\":\"pl-PL\",\"@id\":\"https:\\\/\\\/meritmusic.org\\\/alumni-spotlight-noah-meites\\\/#primaryimage\",\"url\":\"https:\\\/\\\/i0.wp.com\\\/meritmusic.org\\\/wp-content\\\/uploads\\\/2017\\\/12\\\/alumni-spotlight-noah-meites-feat.jpg?fit=1200%2C900&ssl=1\",\"contentUrl\":\"https:\\\/\\\/i0.wp.com\\\/meritmusic.org\\\/wp-content\\\/uploads\\\/2017\\\/12\\\/alumni-spotlight-noah-meites-feat.jpg?fit=1200%2C900&ssl=1\",\"width\":1200,\"height\":900,\"caption\":\"A headshot of Noah Meites, smiling\"},{\"@type\":\"BreadcrumbList\",\"@id\":\"https:\\\/\\\/meritmusic.org\\\/alumni-spotlight-noah-meites\\\/#breadcrumb\",\"itemListElement\":[{\"@type\":\"ListItem\",\"position\":1,\"name\":\"Home\",\"item\":\"https:\\\/\\\/meritmusic.org\\\/\"},{\"@type\":\"ListItem\",\"position\":2,\"name\":\"Alumni Spotlight: Noah Meites\"}]},{\"@type\":\"WebSite\",\"@id\":\"https:\\\/\\\/meritmusic.org\\\/#website\",\"url\":\"https:\\\/\\\/meritmusic.org\\\/\",\"name\":\"Merit School of Music\",\"description\":\"Merit School of Music is a nationally accredited music school located in Chicago, removing barriers to high-quality music education.\",\"publisher\":{\"@id\":\"https:\\\/\\\/meritmusic.org\\\/#organization\"},\"potentialAction\":[{\"@type\":\"SearchAction\",\"target\":{\"@type\":\"EntryPoint\",\"urlTemplate\":\"https:\\\/\\\/meritmusic.org\\\/?s={search_term_string}\"},\"query-input\":{\"@type\":\"PropertyValueSpecification\",\"valueRequired\":true,\"valueName\":\"search_term_string\"}}],\"inLanguage\":\"pl-PL\"},{\"@type\":\"Organization\",\"@id\":\"https:\\\/\\\/meritmusic.org\\\/#organization\",\"name\":\"Merit School of Music\",\"url\":\"https:\\\/\\\/meritmusic.org\\\/\",\"logo\":{\"@type\":\"ImageObject\",\"inLanguage\":\"pl-PL\",\"@id\":\"https:\\\/\\\/meritmusic.org\\\/#\\\/schema\\\/logo\\\/image\\\/\",\"url\":\"https:\\\/\\\/i0.wp.com\\\/meritmusic.org\\\/wp-content\\\/uploads\\\/2022\\\/09\\\/Merit_logo.png?fit=195%2C90&ssl=1\",\"contentUrl\":\"https:\\\/\\\/i0.wp.com\\\/meritmusic.org\\\/wp-content\\\/uploads\\\/2022\\\/09\\\/Merit_logo.png?fit=195%2C90&ssl=1\",\"width\":195,\"height\":90,\"caption\":\"Merit School of Music\"},\"image\":{\"@id\":\"https:\\\/\\\/meritmusic.org\\\/#\\\/schema\\\/logo\\\/image\\\/\"}},{\"@type\":\"Person\",\"@id\":\"https:\\\/\\\/meritmusic.org\\\/#\\\/schema\\\/person\\\/922144f24242464b3d58b62b8f6e242f\",\"name\":\"Laura Stillman\",\"image\":{\"@type\":\"ImageObject\",\"inLanguage\":\"pl-PL\",\"@id\":\"https:\\\/\\\/secure.gravatar.com\\\/avatar\\\/0e2d405acb75d6f058b2fae10fb60846cb818e14c70961846e20ea19d8528ee7?s=96&d=mm&r=g\",\"url\":\"https:\\\/\\\/secure.gravatar.com\\\/avatar\\\/0e2d405acb75d6f058b2fae10fb60846cb818e14c70961846e20ea19d8528ee7?s=96&d=mm&r=g\",\"contentUrl\":\"https:\\\/\\\/secure.gravatar.com\\\/avatar\\\/0e2d405acb75d6f058b2fae10fb60846cb818e14c70961846e20ea19d8528ee7?s=96&d=mm&r=g\",\"caption\":\"Laura Stillman\"},\"url\":\"https:\\\/\\\/meritmusic.org\\\/pl\\\/author\\\/laura-stillman\\\/\"}]}<\/script>\n<!-- \/ Yoast SEO plugin. -->","yoast_head_json":{"title":"W centrum uwagi: Noah Meites","description":"Poznajcie Noaha Meitesa, absolwenta Merit School of Music, kt\u00f3ry ucz\u0119szcza\u0142 do konserwatorium Merit, gdzie studiowa\u0142 gr\u0119 na tr\u0105bce i kompozycj\u0119.","robots":{"index":"index","follow":"follow","max-snippet":"max-snippet:-1","max-image-preview":"max-image-preview:large","max-video-preview":"max-video-preview:-1"},"canonical":"https:\/\/meritmusic.org\/pl\/alumni-spotlight-noah-meites\/","og_locale":"pl_PL","og_type":"article","og_title":"Merit Alumni Spotlight: Noah Meites","og_description":"Meet Merit School of Music alumni Noah Meites who attended Merit's Conservatory and studied trumpet and composition.","og_url":"https:\/\/meritmusic.org\/pl\/alumni-spotlight-noah-meites\/","og_site_name":"Merit School of Music","article_published_time":"2017-12-18T18:23:13+00:00","article_modified_time":"2024-03-25T19:02:46+00:00","author":"Laura Stillman","twitter_card":"summary_large_image","twitter_misc":{"Napisane przez":"Laura Stillman","Szacowany czas czytania":"4 minuty"},"schema":{"@context":"https:\/\/schema.org","@graph":[{"@type":"Article","@id":"https:\/\/meritmusic.org\/alumni-spotlight-noah-meites\/#article","isPartOf":{"@id":"https:\/\/meritmusic.org\/alumni-spotlight-noah-meites\/"},"author":{"name":"Laura Stillman","@id":"https:\/\/meritmusic.org\/#\/schema\/person\/922144f24242464b3d58b62b8f6e242f"},"headline":"Alumni Spotlight: Noah Meites","datePublished":"2017-12-18T18:23:13+00:00","dateModified":"2024-03-25T19:02:46+00:00","mainEntityOfPage":{"@id":"https:\/\/meritmusic.org\/alumni-spotlight-noah-meites\/"},"wordCount":886,"publisher":{"@id":"https:\/\/meritmusic.org\/#organization"},"image":{"@id":"https:\/\/meritmusic.org\/alumni-spotlight-noah-meites\/#primaryimage"},"thumbnailUrl":"https:\/\/i0.wp.com\/meritmusic.org\/wp-content\/uploads\/2017\/12\/alumni-spotlight-noah-meites-feat.jpg?fit=1200%2C900&ssl=1","articleSection":["Stories"],"inLanguage":"pl-PL"},{"@type":"WebPage","@id":"https:\/\/meritmusic.org\/alumni-spotlight-noah-meites\/","url":"https:\/\/meritmusic.org\/alumni-spotlight-noah-meites\/","name":"W centrum uwagi: Noah Meites","isPartOf":{"@id":"https:\/\/meritmusic.org\/#website"},"primaryImageOfPage":{"@id":"https:\/\/meritmusic.org\/alumni-spotlight-noah-meites\/#primaryimage"},"image":{"@id":"https:\/\/meritmusic.org\/alumni-spotlight-noah-meites\/#primaryimage"},"thumbnailUrl":"https:\/\/i0.wp.com\/meritmusic.org\/wp-content\/uploads\/2017\/12\/alumni-spotlight-noah-meites-feat.jpg?fit=1200%2C900&ssl=1","datePublished":"2017-12-18T18:23:13+00:00","dateModified":"2024-03-25T19:02:46+00:00","description":"Poznajcie Noaha Meitesa, absolwenta Merit School of Music, kt\u00f3ry ucz\u0119szcza\u0142 do konserwatorium Merit, gdzie studiowa\u0142 gr\u0119 na tr\u0105bce i kompozycj\u0119.","breadcrumb":{"@id":"https:\/\/meritmusic.org\/alumni-spotlight-noah-meites\/#breadcrumb"},"inLanguage":"pl-PL","potentialAction":[{"@type":"ReadAction","target":["https:\/\/meritmusic.org\/alumni-spotlight-noah-meites\/"]}]},{"@type":"ImageObject","inLanguage":"pl-PL","@id":"https:\/\/meritmusic.org\/alumni-spotlight-noah-meites\/#primaryimage","url":"https:\/\/i0.wp.com\/meritmusic.org\/wp-content\/uploads\/2017\/12\/alumni-spotlight-noah-meites-feat.jpg?fit=1200%2C900&ssl=1","contentUrl":"https:\/\/i0.wp.com\/meritmusic.org\/wp-content\/uploads\/2017\/12\/alumni-spotlight-noah-meites-feat.jpg?fit=1200%2C900&ssl=1","width":1200,"height":900,"caption":"A headshot of Noah Meites, smiling"},{"@type":"BreadcrumbList","@id":"https:\/\/meritmusic.org\/alumni-spotlight-noah-meites\/#breadcrumb","itemListElement":[{"@type":"ListItem","position":1,"name":"Home","item":"https:\/\/meritmusic.org\/"},{"@type":"ListItem","position":2,"name":"Alumni Spotlight: Noah Meites"}]},{"@type":"WebSite","@id":"https:\/\/meritmusic.org\/#website","url":"https:\/\/meritmusic.org\/","name":"Zas\u0142u\u017cona Szko\u0142a Muzyczna","description":"Merit School of Music to akredytowana na szczeblu krajowym szko\u0142a muzyczna z siedzib\u0105 w Chicago, usuwaj\u0105ca bariery w wysokiej jako\u015bci edukacji muzycznej.","publisher":{"@id":"https:\/\/meritmusic.org\/#organization"},"potentialAction":[{"@type":"SearchAction","target":{"@type":"EntryPoint","urlTemplate":"https:\/\/meritmusic.org\/?s={search_term_string}"},"query-input":{"@type":"PropertyValueSpecification","valueRequired":true,"valueName":"search_term_string"}}],"inLanguage":"pl-PL"},{"@type":"Organization","@id":"https:\/\/meritmusic.org\/#organization","name":"Zas\u0142u\u017cona Szko\u0142a Muzyczna","url":"https:\/\/meritmusic.org\/","logo":{"@type":"ImageObject","inLanguage":"pl-PL","@id":"https:\/\/meritmusic.org\/#\/schema\/logo\/image\/","url":"https:\/\/i0.wp.com\/meritmusic.org\/wp-content\/uploads\/2022\/09\/Merit_logo.png?fit=195%2C90&ssl=1","contentUrl":"https:\/\/i0.wp.com\/meritmusic.org\/wp-content\/uploads\/2022\/09\/Merit_logo.png?fit=195%2C90&ssl=1","width":195,"height":90,"caption":"Merit School of Music"},"image":{"@id":"https:\/\/meritmusic.org\/#\/schema\/logo\/image\/"}},{"@type":"Person","@id":"https:\/\/meritmusic.org\/#\/schema\/person\/922144f24242464b3d58b62b8f6e242f","name":"Laura Stillmann","image":{"@type":"ImageObject","inLanguage":"pl-PL","@id":"https:\/\/secure.gravatar.com\/avatar\/0e2d405acb75d6f058b2fae10fb60846cb818e14c70961846e20ea19d8528ee7?s=96&d=mm&r=g","url":"https:\/\/secure.gravatar.com\/avatar\/0e2d405acb75d6f058b2fae10fb60846cb818e14c70961846e20ea19d8528ee7?s=96&d=mm&r=g","contentUrl":"https:\/\/secure.gravatar.com\/avatar\/0e2d405acb75d6f058b2fae10fb60846cb818e14c70961846e20ea19d8528ee7?s=96&d=mm&r=g","caption":"Laura Stillman"},"url":"https:\/\/meritmusic.org\/pl\/author\/laura-stillman\/"}]}},"jetpack_featured_media_url":"https:\/\/i0.wp.com\/meritmusic.org\/wp-content\/uploads\/2017\/12\/alumni-spotlight-noah-meites-feat.jpg?fit=1200%2C900&ssl=1","jetpack_sharing_enabled":true,"_links":{"self":[{"href":"https:\/\/meritmusic.org\/pl\/wp-json\/wp\/v2\/posts\/44722","targetHints":{"allow":["GET"]}}],"collection":[{"href":"https:\/\/meritmusic.org\/pl\/wp-json\/wp\/v2\/posts"}],"about":[{"href":"https:\/\/meritmusic.org\/pl\/wp-json\/wp\/v2\/types\/post"}],"author":[{"embeddable":true,"href":"https:\/\/meritmusic.org\/pl\/wp-json\/wp\/v2\/users\/3"}],"replies":[{"embeddable":true,"href":"https:\/\/meritmusic.org\/pl\/wp-json\/wp\/v2\/comments?post=44722"}],"version-history":[{"count":0,"href":"https:\/\/meritmusic.org\/pl\/wp-json\/wp\/v2\/posts\/44722\/revisions"}],"wp:featuredmedia":[{"embeddable":true,"href":"https:\/\/meritmusic.org\/pl\/wp-json\/wp\/v2\/media\/44797"}],"wp:attachment":[{"href":"https:\/\/meritmusic.org\/pl\/wp-json\/wp\/v2\/media?parent=44722"}],"wp:term":[{"taxonomy":"category","embeddable":true,"href":"https:\/\/meritmusic.org\/pl\/wp-json\/wp\/v2\/categories?post=44722"},{"taxonomy":"post_tag","embeddable":true,"href":"https:\/\/meritmusic.org\/pl\/wp-json\/wp\/v2\/tags?post=44722"},{"taxonomy":"post_folder","embeddable":true,"href":"https:\/\/meritmusic.org\/pl\/wp-json\/wp\/v2\/post_folder?post=44722"}],"curies":[{"name":"wp","href":"https:\/\/api.w.org\/{rel}","templated":true}]}}