{"id":56213,"date":"2026-02-19T16:24:12","date_gmt":"2026-02-19T22:24:12","guid":{"rendered":"https:\/\/meritmusic.org\/?p=56213"},"modified":"2026-03-04T15:42:35","modified_gmt":"2026-03-04T21:42:35","slug":"klaus-makala-masterclass","status":"publish","type":"post","link":"https:\/\/meritmusic.org\/es\/klaus-makala-masterclass\/","title":{"rendered":"Klaus M\u00e4kel\u00e4 aporta alegr\u00eda y perspicacia a la clase magistral de violonchelo\u00a0"},"content":{"rendered":"<div data-elementor-type=\"wp-post\" data-elementor-id=\"56213\" class=\"elementor elementor-56213\" data-elementor-post-type=\"post\">\n\t\t\t\t\t\t<section class=\"elementor-section elementor-top-section elementor-element elementor-element-fc89d16 elementor-section-boxed elementor-section-height-default elementor-section-height-default\" data-id=\"fc89d16\" data-element_type=\"section\" data-e-type=\"section\">\n\t\t\t\t\t\t<div class=\"elementor-container elementor-column-gap-default\">\n\t\t\t\t\t<div class=\"elementor-column elementor-col-100 elementor-top-column elementor-element elementor-element-1986358\" data-id=\"1986358\" data-element_type=\"column\" data-e-type=\"column\">\n\t\t\t<div class=\"elementor-widget-wrap elementor-element-populated\">\n\t\t\t\t\t\t<div class=\"elementor-element elementor-element-588b695 elementor-widget elementor-widget-image\" data-id=\"588b695\" data-element_type=\"widget\" data-e-type=\"widget\" data-widget_type=\"image.default\">\n\t\t\t\t<div class=\"elementor-widget-container\">\n\t\t\t\t\t\t\t\t\t\t\t\t\t\t\t<img fetchpriority=\"high\" decoding=\"async\" width=\"1024\" height=\"768\" src=\"https:\/\/i0.wp.com\/meritmusic.org\/wp-content\/uploads\/2026\/02\/makela-masterclass-2.jpg?fit=1024%2C768&amp;ssl=1\" class=\"attachment-large size-large wp-image-56286\" alt=\"Three students holding cellos pose with Klaus Makela\" srcset=\"https:\/\/i0.wp.com\/meritmusic.org\/wp-content\/uploads\/2026\/02\/makela-masterclass-2.jpg?w=1200&amp;ssl=1 1200w, https:\/\/i0.wp.com\/meritmusic.org\/wp-content\/uploads\/2026\/02\/makela-masterclass-2.jpg?resize=300%2C225&amp;ssl=1 300w, https:\/\/i0.wp.com\/meritmusic.org\/wp-content\/uploads\/2026\/02\/makela-masterclass-2.jpg?resize=1024%2C768&amp;ssl=1 1024w, https:\/\/i0.wp.com\/meritmusic.org\/wp-content\/uploads\/2026\/02\/makela-masterclass-2.jpg?resize=768%2C576&amp;ssl=1 768w, https:\/\/i0.wp.com\/meritmusic.org\/wp-content\/uploads\/2026\/02\/makela-masterclass-2.jpg?resize=16%2C12&amp;ssl=1 16w\" sizes=\"(max-width: 1000px) 100vw, 1000px\" \/>\t\t\t\t\t\t\t\t\t\t\t\t\t\t\t<\/div>\n\t\t\t\t<\/div>\n\t\t\t\t\t<\/div>\n\t\t<\/div>\n\t\t\t\t\t<\/div>\n\t\t<\/section>\n\t\t\t\t<section class=\"elementor-section elementor-top-section elementor-element elementor-element-d3e1538 elementor-section-boxed elementor-section-height-default elementor-section-height-default\" data-id=\"d3e1538\" data-element_type=\"section\" data-e-type=\"section\">\n\t\t\t\t\t\t<div class=\"elementor-container elementor-column-gap-default\">\n\t\t\t\t\t<div class=\"elementor-column elementor-col-100 elementor-top-column elementor-element elementor-element-1bae3593\" data-id=\"1bae3593\" data-element_type=\"column\" data-e-type=\"column\">\n\t\t\t<div class=\"elementor-widget-wrap elementor-element-populated\">\n\t\t\t\t\t\t<div class=\"elementor-element elementor-element-b8caa6d elementor-widget elementor-widget-text-editor\" data-id=\"b8caa6d\" data-element_type=\"widget\" data-e-type=\"widget\" data-widget_type=\"text-editor.default\">\n\t\t\t\t<div class=\"elementor-widget-container\">\n\t\t\t\t\t\t\t\t\t<h5><center>\u201cEscuchar es lo m\u00e1s hermoso que la m\u00fasica nos puede ense\u00f1ar\u201d.\u201d<\/center><\/h5>\t\t\t\t\t\t\t\t<\/div>\n\t\t\t\t<\/div>\n\t\t\t\t<div class=\"elementor-element elementor-element-6d173e1 elementor-widget elementor-widget-text-editor\" data-id=\"6d173e1\" data-element_type=\"widget\" data-e-type=\"widget\" data-widget_type=\"text-editor.default\">\n\t\t\t\t<div class=\"elementor-widget-container\">\n\t\t\t\t\t\t\t\t\t<p>El p\u00fablico escuch\u00f3 atentamente cada palabra suave compartida por <a href=\"https:\/\/cso.org\/\" target=\"_blank\" rel=\"noopener\"><strong>Orquesta Sinf\u00f3nica de Chicago<\/strong><\/a>\u2019Director musical designado de Zell <a href=\"https:\/\/klausmakela.com\/about\/\" target=\"_blank\" rel=\"noopener\"><strong>Klaus M\u00e4kel\u00e4<\/strong><\/a> en la clase magistral de violonchelo del mi\u00e9rcoles 18 de febrero. Patrocinado por <a href=\"https:\/\/cso.org\/education-community\/negaunee-music-institute\/\" target=\"_blank\" rel=\"noopener\"><strong>Instituto de M\u00fasica Negaunee<\/strong> <\/a>de la Asociaci\u00f3n de la Orquesta Sinf\u00f3nica de Chicago en asociaci\u00f3n con Merit School of Music, <strong><a href=\"https:\/\/chicagopathways.org\/\" target=\"_blank\" rel=\"noopener\">Iniciativa de Caminos Musicales de Chicago (CMPI)<\/a><\/strong>, y <strong><a href=\"https:\/\/cyso.org\/\" target=\"_blank\" rel=\"noopener\">Orquestas Sinf\u00f3nicas Juveniles de Chicago (CYSO)<\/a><\/strong>, El evento en la Sala Anne y Howard Gottlieb de Merit fue una celebraci\u00f3n del vibrante espacio educativo musical de Chicago y su intersecci\u00f3n con las grandes instituciones culturales de nuestra ciudad. A lo largo de esta inspiradora clase magistral, el maestro M\u00e4kel\u00e4 comparti\u00f3 sus ideas con una alegr\u00eda contagiosa que llen\u00f3 la sala y a todos los presentes.<\/p><p>El maestro M\u00e4kel\u00e4 era encantador, cautivador y aut\u00e9ntico, y con su estilo informal y reflexivo, conect\u00f3 con los int\u00e9rpretes y el p\u00fablico. A pesar de su fama y \u00e9xito inicial, era humilde y muy cercano. Se sentaba en el borde del escenario con las piernas cruzadas mientras contaba chistes y an\u00e9cdotas divertidas, a la vez que compart\u00eda una profunda retroalimentaci\u00f3n art\u00edstica con los j\u00f3venes m\u00fasicos.<\/p><p>Los tres violonchelistas que actuaron representaron a una de las organizaciones colaboradoras: Analia Arias (Merit), Ezrael Lukman (CMPI) y Vivian Hirschl (CYSO). Al trabajar con cada estudiante, el Maestro M\u00e4kel\u00e4 aport\u00f3 valiosas perspectivas.<\/p>\t\t\t\t\t\t\t\t<\/div>\n\t\t\t\t<\/div>\n\t\t\t\t\t<\/div>\n\t\t<\/div>\n\t\t\t\t\t<\/div>\n\t\t<\/section>\n\t\t\t\t<section class=\"elementor-section elementor-top-section elementor-element elementor-element-0a79e44 elementor-section-boxed elementor-section-height-default elementor-section-height-default\" data-id=\"0a79e44\" data-element_type=\"section\" data-e-type=\"section\">\n\t\t\t\t\t\t<div class=\"elementor-container elementor-column-gap-default\">\n\t\t\t\t\t<div class=\"elementor-column elementor-col-100 elementor-top-column elementor-element elementor-element-3bf62d9\" data-id=\"3bf62d9\" data-element_type=\"column\" data-e-type=\"column\">\n\t\t\t<div class=\"elementor-widget-wrap elementor-element-populated\">\n\t\t\t\t<div class=\"elementor-element elementor-element-544380f e-grid e-con-full e-con e-parent\" data-id=\"544380f\" data-element_type=\"container\" data-e-type=\"container\">\n\t\t\t\t<div class=\"elementor-element elementor-element-4929bcd elementor-widget elementor-widget-text-editor\" data-id=\"4929bcd\" data-element_type=\"widget\" data-e-type=\"widget\" data-widget_type=\"text-editor.default\">\n\t\t\t\t<div class=\"elementor-widget-container\">\n\t\t\t\t\t\t\t\t\t<p>Analia, de diecis\u00e9is a\u00f1os, inaugur\u00f3 la clase magistral interpretando la El\u00e9gie de Gabriel Faur\u00e9. Adem\u00e1s de los nervios habituales que surgen al tocar para un m\u00fasico de talla mundial como el maestro M\u00e4kel\u00e4, Analia se enfrent\u00f3 a otro reto: era su primera vez tocando en una clase magistral. \u00a1Sin presi\u00f3n!<\/p><p>\u201cNo sab\u00eda qu\u00e9 esperar\u201d, admite Analia. \u201cPensaba que iba a ser muy estresante, pero la verdad es que estaba mucho m\u00e1s tranquila de lo que pensaba\u201d. La actitud abierta y accesible del maestro M\u00e4kel\u00e4 fue fundamental para que se sintiera c\u00f3moda y para que la experiencia fuera tan impactante. \u201cEs muy amable y transmite sus ideas con mucho respeto. Disfrut\u00e9 much\u00edsimo trabajando con \u00e9l\u201d.\u201d<\/p>\t\t\t\t\t\t\t\t<\/div>\n\t\t\t\t<\/div>\n\t\t\t\t<div class=\"elementor-element elementor-element-9137ca5 elementor-widget elementor-widget-image\" data-id=\"9137ca5\" data-element_type=\"widget\" data-e-type=\"widget\" data-widget_type=\"image.default\">\n\t\t\t\t<div class=\"elementor-widget-container\">\n\t\t\t\t\t\t\t\t\t\t\t\t\t\t\t<img decoding=\"async\" width=\"850\" height=\"950\" src=\"https:\/\/i0.wp.com\/meritmusic.org\/wp-content\/uploads\/2026\/02\/analia-makela-masterclass.jpg?fit=850%2C950&amp;ssl=1\" class=\"attachment-large size-large wp-image-56287\" alt=\"\" srcset=\"https:\/\/i0.wp.com\/meritmusic.org\/wp-content\/uploads\/2026\/02\/analia-makela-masterclass.jpg?w=850&amp;ssl=1 850w, https:\/\/i0.wp.com\/meritmusic.org\/wp-content\/uploads\/2026\/02\/analia-makela-masterclass.jpg?resize=268%2C300&amp;ssl=1 268w, https:\/\/i0.wp.com\/meritmusic.org\/wp-content\/uploads\/2026\/02\/analia-makela-masterclass.jpg?resize=768%2C858&amp;ssl=1 768w, https:\/\/i0.wp.com\/meritmusic.org\/wp-content\/uploads\/2026\/02\/analia-makela-masterclass.jpg?resize=11%2C12&amp;ssl=1 11w\" sizes=\"(max-width: 850px) 100vw, 850px\" \/>\t\t\t\t\t\t\t\t\t\t\t\t\t\t\t<\/div>\n\t\t\t\t<\/div>\n\t\t\t\t<\/div>\n\t\t\t\t<div class=\"elementor-element elementor-element-b71df43 elementor-widget elementor-widget-text-editor\" data-id=\"b71df43\" data-element_type=\"widget\" data-e-type=\"widget\" data-widget_type=\"text-editor.default\">\n\t\t\t\t<div class=\"elementor-widget-container\">\n\t\t\t\t\t\t\t\t\t<p>El maestro M\u00e4kel\u00e4 anim\u00f3 a los estudiantes a disfrutar m\u00e1s de ciertos pasajes y a dejar que la alegr\u00eda y la vitalidad de la m\u00fasica se transmitieran. Una de las maneras que sugiri\u00f3 para lograr esto fue dejar de concentrarse en las minucias de lo que los estudiantes hacen con su propio instrumento para escuchar la totalidad. &quot;Se trata de distanciarse de lo que uno mismo est\u00e1 haciendo&quot;, dijo. &quot;Se aprende much\u00edsimo escuchando&quot;. Mencion\u00f3 la importancia de tocar con otros m\u00fasicos en orquestas y conjuntos de c\u00e1mara para desarrollar esta habilidad. Tambi\u00e9n aplic\u00f3 esta idea a la interpretaci\u00f3n de obras solistas, animando a los estudiantes a visualizar que colocaban sus o\u00eddos al fondo de la sala para influir en el fraseo y la musicalidad.<\/p><p>La velada concluy\u00f3 con una sesi\u00f3n de preguntas y respuestas con el p\u00fablico. El maestro M\u00e4kel\u00e4 respondi\u00f3 preguntas tanto profesionales como personales, desde cu\u00e1ndo supo que quer\u00eda ser director de orquesta (a los siete a\u00f1os, \u201caunque claro, a los siete a\u00f1os no es el momento\u201d, brome\u00f3) hasta algunas de sus cosas favoritas de Chicago (el paseo en barco por la arquitectura, el Instituto de Arte de Chicago y el bistec).<\/p><p>Al final de la velada, lo que perdur\u00f3 no fue solo la perspectiva compartida, sino tambi\u00e9n el esp\u00edritu con el que se ofreci\u00f3. A lo largo de la clase magistral, el Maestro M\u00e4kel\u00e4 hizo aflorar la alegr\u00eda de la m\u00fasica. Invit\u00f3 a los estudiantes a tomar distancia, a confiar en sus o\u00eddos y a redescubrir el placer de dar forma a una frase y compartirla con los dem\u00e1s. Estamos profundamente agradecidos al Maestro M\u00e4kel\u00e4 por pasar la velada con nuestros estudiantes y nuestra comunidad, y por compartir su tiempo, sabidur\u00eda y entusiasmo inconfundible.<\/p><p><em>\ud83d\udcf8: <a href=\"https:\/\/www.toddrphoto.com\/\" target=\"_blank\" rel=\"noopener\">Fotograf\u00eda de Todd Rosenberg<\/a><\/em><\/p>\t\t\t\t\t\t\t\t<\/div>\n\t\t\t\t<\/div>\n\t\t\t\t\t<\/div>\n\t\t<\/div>\n\t\t\t\t\t<\/div>\n\t\t<\/section>\n\t\t\t\t<section class=\"elementor-section elementor-top-section elementor-element elementor-element-d5e02d4 elementor-section-content-middle elementor-section-boxed elementor-section-height-default elementor-section-height-default\" data-id=\"d5e02d4\" data-element_type=\"section\" data-e-type=\"section\" data-settings=\"{&quot;background_background&quot;:&quot;classic&quot;,&quot;animation&quot;:&quot;none&quot;}\">\n\t\t\t\t\t\t<div class=\"elementor-container elementor-column-gap-no\">\n\t\t\t\t\t<div class=\"elementor-column elementor-col-100 elementor-top-column elementor-element elementor-element-09b5fe3\" data-id=\"09b5fe3\" data-element_type=\"column\" data-e-type=\"column\" data-settings=\"{&quot;background_background&quot;:&quot;classic&quot;}\">\n\t\t\t<div class=\"elementor-widget-wrap elementor-element-populated\">\n\t\t\t\t\t\t<div class=\"elementor-element elementor-element-345e462 elementor-invisible elementor-widget elementor-widget-heading\" data-id=\"345e462\" data-element_type=\"widget\" data-e-type=\"widget\" data-settings=\"{&quot;_animation&quot;:&quot;fadeInRight&quot;}\" data-widget_type=\"heading.default\">\n\t\t\t\t<div class=\"elementor-widget-container\">\n\t\t\t\t\t<h4 class=\"elementor-heading-title elementor-size-default\">Impactando vidas: una nota a la vez<\/h4>\t\t\t\t<\/div>\n\t\t\t\t<\/div>\n\t\t\t\t<div class=\"elementor-element elementor-element-169437b elementor-align-center elementor-widget elementor-widget-button\" data-id=\"169437b\" data-element_type=\"widget\" data-e-type=\"widget\" data-widget_type=\"button.default\">\n\t\t\t\t<div class=\"elementor-widget-container\">\n\t\t\t\t\t\t\t\t\t<div class=\"elementor-button-wrapper\">\n\t\t\t\t\t<a class=\"elementor-button elementor-button-link elementor-size-sm elementor-animation-grow\" href=\"https:\/\/meritmusic.org\/es\/impact\/\">\n\t\t\t\t\t\t<span class=\"elementor-button-content-wrapper\">\n\t\t\t\t\t\t\t\t\t<span class=\"elementor-button-text\">Aprende m\u00e1s<\/span>\n\t\t\t\t\t<\/span>\n\t\t\t\t\t<\/a>\n\t\t\t\t<\/div>\n\t\t\t\t\t\t\t\t<\/div>\n\t\t\t\t<\/div>\n\t\t\t\t\t<\/div>\n\t\t<\/div>\n\t\t\t\t\t<\/div>\n\t\t<\/section>\n\t\t\t\t<\/div>","protected":false},"excerpt":{"rendered":"<p>\u201cListening is the most beautiful thing music can teach us.\u201d The audience listened attentively to every soft-spoken word shared by Chicago Symphony Orchestra\u2019s Zell Music Director Designate Klaus M\u00e4kel\u00e4 at [&hellip;]<\/p>\n","protected":false},"author":6,"featured_media":56286,"comment_status":"closed","ping_status":"closed","sticky":false,"template":"elementor_theme","format":"standard","meta":{"_acf_changed":false,"content-type":"","site-sidebar-layout":"default","site-content-layout":"","ast-site-content-layout":"default","site-content-style":"default","site-sidebar-style":"default","ast-global-header-display":"","ast-banner-title-visibility":"","ast-main-header-display":"","ast-hfb-above-header-display":"","ast-hfb-below-header-display":"","ast-hfb-mobile-header-display":"","site-post-title":"","ast-breadcrumbs-content":"","ast-featured-img":"","footer-sml-layout":"","ast-disable-related-posts":"","theme-transparent-header-meta":"","adv-header-id-meta":"","stick-header-meta":"","header-above-stick-meta":"","header-main-stick-meta":"","header-below-stick-meta":"","astra-migrate-meta-layouts":"set","ast-page-background-enabled":"default","ast-page-background-meta":{"desktop":{"background-color":"var(--ast-global-color-4)","background-image":"","background-repeat":"repeat","background-position":"center center","background-size":"auto","background-attachment":"scroll","background-type":"","background-media":"","overlay-type":"","overlay-color":"","overlay-opacity":"","overlay-gradient":""},"tablet":{"background-color":"","background-image":"","background-repeat":"repeat","background-position":"center center","background-size":"auto","background-attachment":"scroll","background-type":"","background-media":"","overlay-type":"","overlay-color":"","overlay-opacity":"","overlay-gradient":""},"mobile":{"background-color":"","background-image":"","background-repeat":"repeat","background-position":"center center","background-size":"auto","background-attachment":"scroll","background-type":"","background-media":"","overlay-type":"","overlay-color":"","overlay-opacity":"","overlay-gradient":""}},"ast-content-background-meta":{"desktop":{"background-color":"var(--ast-global-color-5)","background-image":"","background-repeat":"repeat","background-position":"center center","background-size":"auto","background-attachment":"scroll","background-type":"","background-media":"","overlay-type":"","overlay-color":"","overlay-opacity":"","overlay-gradient":""},"tablet":{"background-color":"var(--ast-global-color-5)","background-image":"","background-repeat":"repeat","background-position":"center center","background-size":"auto","background-attachment":"scroll","background-type":"","background-media":"","overlay-type":"","overlay-color":"","overlay-opacity":"","overlay-gradient":""},"mobile":{"background-color":"var(--ast-global-color-5)","background-image":"","background-repeat":"repeat","background-position":"center center","background-size":"auto","background-attachment":"scroll","background-type":"","background-media":"","overlay-type":"","overlay-color":"","overlay-opacity":"","overlay-gradient":""}},"_jetpack_memberships_contains_paid_content":false,"footnotes":""},"categories":[20],"tags":[],"post_folder":[],"class_list":["post-56213","post","type-post","status-publish","format-standard","has-post-thumbnail","hentry","category-stories"],"acf":[],"yoast_head":"<!-- This site is optimized with the Yoast SEO plugin v27.3 - https:\/\/yoast.com\/product\/yoast-seo-wordpress\/ -->\n<title>Klaus M\u00e4kel\u00e4 Brings Joy and Insight to Cello Masterclass<\/title>\n<meta name=\"description\" content=\"Renowned conductor, Klaus Makala, inspires young musicians at a joyful cello masterclass celebrating Chicago\u2019s vibrant music education community.\" \/>\n<meta name=\"robots\" content=\"index, follow, max-snippet:-1, max-image-preview:large, max-video-preview:-1\" \/>\n<link rel=\"canonical\" href=\"https:\/\/meritmusic.org\/es\/klaus-makala-masterclass\/\" \/>\n<meta property=\"og:locale\" content=\"es_MX\" \/>\n<meta property=\"og:type\" content=\"article\" \/>\n<meta property=\"og:title\" content=\"Klaus M\u00e4kel\u00e4 Brings Joy and Insight to Cello Masterclass\" \/>\n<meta property=\"og:description\" content=\"Renowned conductor, Klaus Makala, inspires young musicians at a joyful cello masterclass celebrating Chicago\u2019s vibrant music education community.\" \/>\n<meta property=\"og:url\" content=\"https:\/\/meritmusic.org\/es\/klaus-makala-masterclass\/\" \/>\n<meta property=\"og:site_name\" content=\"Merit School of Music\" \/>\n<meta property=\"article:published_time\" content=\"2026-02-19T22:24:12+00:00\" \/>\n<meta property=\"article:modified_time\" content=\"2026-03-04T21:42:35+00:00\" \/>\n<meta name=\"author\" content=\"Erin Darge\" \/>\n<meta name=\"twitter:card\" content=\"summary_large_image\" \/>\n<meta name=\"twitter:label1\" content=\"Escrito por\" \/>\n\t<meta name=\"twitter:data1\" content=\"Erin Darge\" \/>\n\t<meta name=\"twitter:label2\" content=\"Tiempo de lectura\" \/>\n\t<meta name=\"twitter:data2\" content=\"4 minutos\" \/>\n<script type=\"application\/ld+json\" class=\"yoast-schema-graph\">{\"@context\":\"https:\\\/\\\/schema.org\",\"@graph\":[{\"@type\":\"Article\",\"@id\":\"https:\\\/\\\/meritmusic.org\\\/klaus-makala-masterclass\\\/#article\",\"isPartOf\":{\"@id\":\"https:\\\/\\\/meritmusic.org\\\/klaus-makala-masterclass\\\/\"},\"author\":{\"name\":\"Erin Darge\",\"@id\":\"https:\\\/\\\/meritmusic.org\\\/#\\\/schema\\\/person\\\/89f173802fcc35e63529f35a11be6ed9\"},\"headline\":\"Klaus M\u00e4kel\u00e4\u00a0Brings\u00a0Joy and Insight\u00a0to Cello\u00a0Masterclass\u00a0\",\"datePublished\":\"2026-02-19T22:24:12+00:00\",\"dateModified\":\"2026-03-04T21:42:35+00:00\",\"mainEntityOfPage\":{\"@id\":\"https:\\\/\\\/meritmusic.org\\\/klaus-makala-masterclass\\\/\"},\"wordCount\":648,\"publisher\":{\"@id\":\"https:\\\/\\\/meritmusic.org\\\/#organization\"},\"image\":{\"@id\":\"https:\\\/\\\/meritmusic.org\\\/klaus-makala-masterclass\\\/#primaryimage\"},\"thumbnailUrl\":\"https:\\\/\\\/i0.wp.com\\\/meritmusic.org\\\/wp-content\\\/uploads\\\/2026\\\/02\\\/makela-masterclass-2.jpg?fit=1200%2C900&ssl=1\",\"articleSection\":[\"Stories\"],\"inLanguage\":\"es\"},{\"@type\":\"WebPage\",\"@id\":\"https:\\\/\\\/meritmusic.org\\\/klaus-makala-masterclass\\\/\",\"url\":\"https:\\\/\\\/meritmusic.org\\\/klaus-makala-masterclass\\\/\",\"name\":\"Klaus M\u00e4kel\u00e4 Brings Joy and Insight to Cello Masterclass\",\"isPartOf\":{\"@id\":\"https:\\\/\\\/meritmusic.org\\\/#website\"},\"primaryImageOfPage\":{\"@id\":\"https:\\\/\\\/meritmusic.org\\\/klaus-makala-masterclass\\\/#primaryimage\"},\"image\":{\"@id\":\"https:\\\/\\\/meritmusic.org\\\/klaus-makala-masterclass\\\/#primaryimage\"},\"thumbnailUrl\":\"https:\\\/\\\/i0.wp.com\\\/meritmusic.org\\\/wp-content\\\/uploads\\\/2026\\\/02\\\/makela-masterclass-2.jpg?fit=1200%2C900&ssl=1\",\"datePublished\":\"2026-02-19T22:24:12+00:00\",\"dateModified\":\"2026-03-04T21:42:35+00:00\",\"description\":\"Renowned conductor, Klaus Makala, inspires young musicians at a joyful cello masterclass celebrating Chicago\u2019s vibrant music education community.\",\"breadcrumb\":{\"@id\":\"https:\\\/\\\/meritmusic.org\\\/klaus-makala-masterclass\\\/#breadcrumb\"},\"inLanguage\":\"es\",\"potentialAction\":[{\"@type\":\"ReadAction\",\"target\":[\"https:\\\/\\\/meritmusic.org\\\/klaus-makala-masterclass\\\/\"]}]},{\"@type\":\"ImageObject\",\"inLanguage\":\"es\",\"@id\":\"https:\\\/\\\/meritmusic.org\\\/klaus-makala-masterclass\\\/#primaryimage\",\"url\":\"https:\\\/\\\/i0.wp.com\\\/meritmusic.org\\\/wp-content\\\/uploads\\\/2026\\\/02\\\/makela-masterclass-2.jpg?fit=1200%2C900&ssl=1\",\"contentUrl\":\"https:\\\/\\\/i0.wp.com\\\/meritmusic.org\\\/wp-content\\\/uploads\\\/2026\\\/02\\\/makela-masterclass-2.jpg?fit=1200%2C900&ssl=1\",\"width\":1200,\"height\":900,\"caption\":\"Three students holding cellos pose with Klaus Makela\"},{\"@type\":\"BreadcrumbList\",\"@id\":\"https:\\\/\\\/meritmusic.org\\\/klaus-makala-masterclass\\\/#breadcrumb\",\"itemListElement\":[{\"@type\":\"ListItem\",\"position\":1,\"name\":\"Home\",\"item\":\"https:\\\/\\\/meritmusic.org\\\/\"},{\"@type\":\"ListItem\",\"position\":2,\"name\":\"Klaus M\u00e4kel\u00e4\u00a0Brings\u00a0Joy and Insight\u00a0to Cello\u00a0Masterclass\u00a0\"}]},{\"@type\":\"WebSite\",\"@id\":\"https:\\\/\\\/meritmusic.org\\\/#website\",\"url\":\"https:\\\/\\\/meritmusic.org\\\/\",\"name\":\"Merit School of Music\",\"description\":\"Merit School of Music is a nationally accredited music school located in Chicago, removing barriers to high-quality music education.\",\"publisher\":{\"@id\":\"https:\\\/\\\/meritmusic.org\\\/#organization\"},\"potentialAction\":[{\"@type\":\"SearchAction\",\"target\":{\"@type\":\"EntryPoint\",\"urlTemplate\":\"https:\\\/\\\/meritmusic.org\\\/?s={search_term_string}\"},\"query-input\":{\"@type\":\"PropertyValueSpecification\",\"valueRequired\":true,\"valueName\":\"search_term_string\"}}],\"inLanguage\":\"es\"},{\"@type\":\"Organization\",\"@id\":\"https:\\\/\\\/meritmusic.org\\\/#organization\",\"name\":\"Merit School of Music\",\"url\":\"https:\\\/\\\/meritmusic.org\\\/\",\"logo\":{\"@type\":\"ImageObject\",\"inLanguage\":\"es\",\"@id\":\"https:\\\/\\\/meritmusic.org\\\/#\\\/schema\\\/logo\\\/image\\\/\",\"url\":\"https:\\\/\\\/i0.wp.com\\\/meritmusic.org\\\/wp-content\\\/uploads\\\/2022\\\/09\\\/Merit_logo.png?fit=195%2C90&ssl=1\",\"contentUrl\":\"https:\\\/\\\/i0.wp.com\\\/meritmusic.org\\\/wp-content\\\/uploads\\\/2022\\\/09\\\/Merit_logo.png?fit=195%2C90&ssl=1\",\"width\":195,\"height\":90,\"caption\":\"Merit School of Music\"},\"image\":{\"@id\":\"https:\\\/\\\/meritmusic.org\\\/#\\\/schema\\\/logo\\\/image\\\/\"}},{\"@type\":\"Person\",\"@id\":\"https:\\\/\\\/meritmusic.org\\\/#\\\/schema\\\/person\\\/89f173802fcc35e63529f35a11be6ed9\",\"name\":\"Erin Darge\",\"image\":{\"@type\":\"ImageObject\",\"inLanguage\":\"es\",\"@id\":\"https:\\\/\\\/secure.gravatar.com\\\/avatar\\\/0f0df252a2bd038c924d8db80136e727d1f5761fcdfbd91c777c0644c9cc0fef?s=96&d=mm&r=g\",\"url\":\"https:\\\/\\\/secure.gravatar.com\\\/avatar\\\/0f0df252a2bd038c924d8db80136e727d1f5761fcdfbd91c777c0644c9cc0fef?s=96&d=mm&r=g\",\"contentUrl\":\"https:\\\/\\\/secure.gravatar.com\\\/avatar\\\/0f0df252a2bd038c924d8db80136e727d1f5761fcdfbd91c777c0644c9cc0fef?s=96&d=mm&r=g\",\"caption\":\"Erin Darge\"},\"url\":\"https:\\\/\\\/meritmusic.org\\\/es\\\/author\\\/marketing-temp\\\/\"}]}<\/script>\n<!-- \/ Yoast SEO plugin. -->","yoast_head_json":{"title":"Klaus M\u00e4kel\u00e4 aporta alegr\u00eda y perspicacia a la clase magistral de violonchelo","description":"El renombrado director de orquesta Klaus Makala inspira a j\u00f3venes m\u00fasicos en una alegre clase magistral de violonchelo que celebra la vibrante comunidad de educaci\u00f3n musical de Chicago.","robots":{"index":"index","follow":"follow","max-snippet":"max-snippet:-1","max-image-preview":"max-image-preview:large","max-video-preview":"max-video-preview:-1"},"canonical":"https:\/\/meritmusic.org\/es\/klaus-makala-masterclass\/","og_locale":"es_MX","og_type":"article","og_title":"Klaus M\u00e4kel\u00e4 Brings Joy and Insight to Cello Masterclass","og_description":"Renowned conductor, Klaus Makala, inspires young musicians at a joyful cello masterclass celebrating Chicago\u2019s vibrant music education community.","og_url":"https:\/\/meritmusic.org\/es\/klaus-makala-masterclass\/","og_site_name":"Merit School of Music","article_published_time":"2026-02-19T22:24:12+00:00","article_modified_time":"2026-03-04T21:42:35+00:00","author":"Erin Darge","twitter_card":"summary_large_image","twitter_misc":{"Escrito por":"Erin Darge","Tiempo de lectura":"4 minutos"},"schema":{"@context":"https:\/\/schema.org","@graph":[{"@type":"Article","@id":"https:\/\/meritmusic.org\/klaus-makala-masterclass\/#article","isPartOf":{"@id":"https:\/\/meritmusic.org\/klaus-makala-masterclass\/"},"author":{"name":"Erin Darge","@id":"https:\/\/meritmusic.org\/#\/schema\/person\/89f173802fcc35e63529f35a11be6ed9"},"headline":"Klaus M\u00e4kel\u00e4\u00a0Brings\u00a0Joy and Insight\u00a0to Cello\u00a0Masterclass\u00a0","datePublished":"2026-02-19T22:24:12+00:00","dateModified":"2026-03-04T21:42:35+00:00","mainEntityOfPage":{"@id":"https:\/\/meritmusic.org\/klaus-makala-masterclass\/"},"wordCount":648,"publisher":{"@id":"https:\/\/meritmusic.org\/#organization"},"image":{"@id":"https:\/\/meritmusic.org\/klaus-makala-masterclass\/#primaryimage"},"thumbnailUrl":"https:\/\/i0.wp.com\/meritmusic.org\/wp-content\/uploads\/2026\/02\/makela-masterclass-2.jpg?fit=1200%2C900&ssl=1","articleSection":["Stories"],"inLanguage":"es"},{"@type":"WebPage","@id":"https:\/\/meritmusic.org\/klaus-makala-masterclass\/","url":"https:\/\/meritmusic.org\/klaus-makala-masterclass\/","name":"Klaus M\u00e4kel\u00e4 aporta alegr\u00eda y perspicacia a la clase magistral de violonchelo","isPartOf":{"@id":"https:\/\/meritmusic.org\/#website"},"primaryImageOfPage":{"@id":"https:\/\/meritmusic.org\/klaus-makala-masterclass\/#primaryimage"},"image":{"@id":"https:\/\/meritmusic.org\/klaus-makala-masterclass\/#primaryimage"},"thumbnailUrl":"https:\/\/i0.wp.com\/meritmusic.org\/wp-content\/uploads\/2026\/02\/makela-masterclass-2.jpg?fit=1200%2C900&ssl=1","datePublished":"2026-02-19T22:24:12+00:00","dateModified":"2026-03-04T21:42:35+00:00","description":"El renombrado director de orquesta Klaus Makala inspira a j\u00f3venes m\u00fasicos en una alegre clase magistral de violonchelo que celebra la vibrante comunidad de educaci\u00f3n musical de Chicago.","breadcrumb":{"@id":"https:\/\/meritmusic.org\/klaus-makala-masterclass\/#breadcrumb"},"inLanguage":"es","potentialAction":[{"@type":"ReadAction","target":["https:\/\/meritmusic.org\/klaus-makala-masterclass\/"]}]},{"@type":"ImageObject","inLanguage":"es","@id":"https:\/\/meritmusic.org\/klaus-makala-masterclass\/#primaryimage","url":"https:\/\/i0.wp.com\/meritmusic.org\/wp-content\/uploads\/2026\/02\/makela-masterclass-2.jpg?fit=1200%2C900&ssl=1","contentUrl":"https:\/\/i0.wp.com\/meritmusic.org\/wp-content\/uploads\/2026\/02\/makela-masterclass-2.jpg?fit=1200%2C900&ssl=1","width":1200,"height":900,"caption":"Three students holding cellos pose with Klaus Makela"},{"@type":"BreadcrumbList","@id":"https:\/\/meritmusic.org\/klaus-makala-masterclass\/#breadcrumb","itemListElement":[{"@type":"ListItem","position":1,"name":"Home","item":"https:\/\/meritmusic.org\/"},{"@type":"ListItem","position":2,"name":"Klaus M\u00e4kel\u00e4\u00a0Brings\u00a0Joy and Insight\u00a0to Cello\u00a0Masterclass\u00a0"}]},{"@type":"WebSite","@id":"https:\/\/meritmusic.org\/#website","url":"https:\/\/meritmusic.org\/","name":"Escuela de M\u00fasica al M\u00e9rito","description":"Merit School of Music es una escuela de m\u00fasica acreditada a nivel nacional ubicada en Chicago, que elimina las barreras a la educaci\u00f3n musical de alta calidad.","publisher":{"@id":"https:\/\/meritmusic.org\/#organization"},"potentialAction":[{"@type":"SearchAction","target":{"@type":"EntryPoint","urlTemplate":"https:\/\/meritmusic.org\/?s={search_term_string}"},"query-input":{"@type":"PropertyValueSpecification","valueRequired":true,"valueName":"search_term_string"}}],"inLanguage":"es"},{"@type":"Organization","@id":"https:\/\/meritmusic.org\/#organization","name":"Escuela de M\u00fasica al M\u00e9rito","url":"https:\/\/meritmusic.org\/","logo":{"@type":"ImageObject","inLanguage":"es","@id":"https:\/\/meritmusic.org\/#\/schema\/logo\/image\/","url":"https:\/\/i0.wp.com\/meritmusic.org\/wp-content\/uploads\/2022\/09\/Merit_logo.png?fit=195%2C90&ssl=1","contentUrl":"https:\/\/i0.wp.com\/meritmusic.org\/wp-content\/uploads\/2022\/09\/Merit_logo.png?fit=195%2C90&ssl=1","width":195,"height":90,"caption":"Merit School of Music"},"image":{"@id":"https:\/\/meritmusic.org\/#\/schema\/logo\/image\/"}},{"@type":"Person","@id":"https:\/\/meritmusic.org\/#\/schema\/person\/89f173802fcc35e63529f35a11be6ed9","name":"erin darge","image":{"@type":"ImageObject","inLanguage":"es","@id":"https:\/\/secure.gravatar.com\/avatar\/0f0df252a2bd038c924d8db80136e727d1f5761fcdfbd91c777c0644c9cc0fef?s=96&d=mm&r=g","url":"https:\/\/secure.gravatar.com\/avatar\/0f0df252a2bd038c924d8db80136e727d1f5761fcdfbd91c777c0644c9cc0fef?s=96&d=mm&r=g","contentUrl":"https:\/\/secure.gravatar.com\/avatar\/0f0df252a2bd038c924d8db80136e727d1f5761fcdfbd91c777c0644c9cc0fef?s=96&d=mm&r=g","caption":"Erin Darge"},"url":"https:\/\/meritmusic.org\/es\/author\/marketing-temp\/"}]}},"jetpack_featured_media_url":"https:\/\/i0.wp.com\/meritmusic.org\/wp-content\/uploads\/2026\/02\/makela-masterclass-2.jpg?fit=1200%2C900&ssl=1","jetpack_sharing_enabled":true,"_links":{"self":[{"href":"https:\/\/meritmusic.org\/es\/wp-json\/wp\/v2\/posts\/56213","targetHints":{"allow":["GET"]}}],"collection":[{"href":"https:\/\/meritmusic.org\/es\/wp-json\/wp\/v2\/posts"}],"about":[{"href":"https:\/\/meritmusic.org\/es\/wp-json\/wp\/v2\/types\/post"}],"author":[{"embeddable":true,"href":"https:\/\/meritmusic.org\/es\/wp-json\/wp\/v2\/users\/6"}],"replies":[{"embeddable":true,"href":"https:\/\/meritmusic.org\/es\/wp-json\/wp\/v2\/comments?post=56213"}],"version-history":[{"count":3,"href":"https:\/\/meritmusic.org\/es\/wp-json\/wp\/v2\/posts\/56213\/revisions"}],"predecessor-version":[{"id":56481,"href":"https:\/\/meritmusic.org\/es\/wp-json\/wp\/v2\/posts\/56213\/revisions\/56481"}],"wp:featuredmedia":[{"embeddable":true,"href":"https:\/\/meritmusic.org\/es\/wp-json\/wp\/v2\/media\/56286"}],"wp:attachment":[{"href":"https:\/\/meritmusic.org\/es\/wp-json\/wp\/v2\/media?parent=56213"}],"wp:term":[{"taxonomy":"category","embeddable":true,"href":"https:\/\/meritmusic.org\/es\/wp-json\/wp\/v2\/categories?post=56213"},{"taxonomy":"post_tag","embeddable":true,"href":"https:\/\/meritmusic.org\/es\/wp-json\/wp\/v2\/tags?post=56213"},{"taxonomy":"post_folder","embeddable":true,"href":"https:\/\/meritmusic.org\/es\/wp-json\/wp\/v2\/post_folder?post=56213"}],"curies":[{"name":"gracias","href":"https:\/\/api.w.org\/{rel}","templated":true}]}}