{"id":56201,"date":"2026-02-19T15:00:07","date_gmt":"2026-02-19T21:00:07","guid":{"rendered":"https:\/\/meritmusic.org\/?p=56201"},"modified":"2026-02-19T15:46:11","modified_gmt":"2026-02-19T21:46:11","slug":"black-history-month-south-shore","status":"publish","type":"post","link":"https:\/\/meritmusic.org\/es\/black-history-month-south-shore\/","title":{"rendered":"Celebrando el Mes de la Historia Afroamericana a trav\u00e9s de la m\u00fasica y la comunidad: Reflexiones de nuestros socios en Merit \u2013 South Shore\u00a0"},"content":{"rendered":"<div data-elementor-type=\"wp-post\" data-elementor-id=\"56201\" class=\"elementor elementor-56201\" data-elementor-post-type=\"post\">\n\t\t\t\t\t\t<section class=\"elementor-section elementor-top-section elementor-element elementor-element-fc89d16 elementor-section-boxed elementor-section-height-default elementor-section-height-default\" data-id=\"fc89d16\" data-element_type=\"section\" data-e-type=\"section\">\n\t\t\t\t\t\t<div class=\"elementor-container elementor-column-gap-default\">\n\t\t\t\t\t<div class=\"elementor-column elementor-col-100 elementor-top-column elementor-element elementor-element-1986358\" data-id=\"1986358\" data-element_type=\"column\" data-e-type=\"column\">\n\t\t\t<div class=\"elementor-widget-wrap elementor-element-populated\">\n\t\t\t\t\t\t<div class=\"elementor-element elementor-element-884b73e elementor-widget elementor-widget-image\" data-id=\"884b73e\" data-element_type=\"widget\" data-e-type=\"widget\" data-widget_type=\"image.default\">\n\t\t\t\t<div class=\"elementor-widget-container\">\n\t\t\t\t\t\t\t\t\t\t\t\t\t\t\t<img fetchpriority=\"high\" decoding=\"async\" width=\"1024\" height=\"768\" src=\"https:\/\/i0.wp.com\/meritmusic.org\/wp-content\/uploads\/2026\/02\/black-history-month-merit-south-shore-featured.jpg?fit=1024%2C768&amp;ssl=1\" class=\"attachment-large size-large wp-image-56203\" alt=\"merit south shore\" srcset=\"https:\/\/i0.wp.com\/meritmusic.org\/wp-content\/uploads\/2026\/02\/black-history-month-merit-south-shore-featured.jpg?w=1200&amp;ssl=1 1200w, https:\/\/i0.wp.com\/meritmusic.org\/wp-content\/uploads\/2026\/02\/black-history-month-merit-south-shore-featured.jpg?resize=300%2C225&amp;ssl=1 300w, https:\/\/i0.wp.com\/meritmusic.org\/wp-content\/uploads\/2026\/02\/black-history-month-merit-south-shore-featured.jpg?resize=1024%2C768&amp;ssl=1 1024w, https:\/\/i0.wp.com\/meritmusic.org\/wp-content\/uploads\/2026\/02\/black-history-month-merit-south-shore-featured.jpg?resize=768%2C576&amp;ssl=1 768w, https:\/\/i0.wp.com\/meritmusic.org\/wp-content\/uploads\/2026\/02\/black-history-month-merit-south-shore-featured.jpg?resize=16%2C12&amp;ssl=1 16w\" sizes=\"(max-width: 1000px) 100vw, 1000px\" \/>\t\t\t\t\t\t\t\t\t\t\t\t\t\t\t<\/div>\n\t\t\t\t<\/div>\n\t\t\t\t\t<\/div>\n\t\t<\/div>\n\t\t\t\t\t<\/div>\n\t\t<\/section>\n\t\t\t\t<section class=\"elementor-section elementor-top-section elementor-element elementor-element-d3e1538 elementor-section-boxed elementor-section-height-default elementor-section-height-default\" data-id=\"d3e1538\" data-element_type=\"section\" data-e-type=\"section\">\n\t\t\t\t\t\t<div class=\"elementor-container elementor-column-gap-default\">\n\t\t\t\t\t<div class=\"elementor-column elementor-col-100 elementor-top-column elementor-element elementor-element-1bae3593\" data-id=\"1bae3593\" data-element_type=\"column\" data-e-type=\"column\">\n\t\t\t<div class=\"elementor-widget-wrap elementor-element-populated\">\n\t\t\t\t\t\t<div class=\"elementor-element elementor-element-bc78734 elementor-widget elementor-widget-text-editor\" data-id=\"bc78734\" data-element_type=\"widget\" data-e-type=\"widget\" data-widget_type=\"text-editor.default\">\n\t\t\t\t<div class=\"elementor-widget-container\">\n\t\t\t\t\t\t\t\t\t<p>Este Mes de la Historia Afroamericana, nos complace celebrar el poder de una colaboraci\u00f3n especial arraigada en la comunidad, la cultura y la creatividad. En el verano de 2024, la Escuela de M\u00fasica Merit y <a href=\"https:\/\/brynmawrfaith.org\/\" target=\"_blank\" rel=\"noopener\"><strong>Iglesia comunitaria Bryn Mawr<\/strong><\/a> se unieron para brindar educaci\u00f3n musical de alta calidad directamente a las familias del South Side a trav\u00e9s del nuevo <strong><a href=\"https:\/\/meritmusic.org\/es\/south-shore\/\">M\u00e9rito \u2013 Costa Sur<\/a><\/strong> Desde nuestras primeras clases piloto, el programa se ha convertido en un vibrante centro musical para las familias del vecindario. Este mes, invitamos a miembros de nuestra comunidad de Merit \u2013 South Shore a compartir sus reflexiones con nosotros.<\/p>\t\t\t\t\t\t\t\t<\/div>\n\t\t\t\t<\/div>\n\t\t<div class=\"elementor-element elementor-element-fa60660 e-grid e-con-full e-con e-parent\" data-id=\"fa60660\" data-element_type=\"container\" data-e-type=\"container\">\n\t\t<div class=\"elementor-element elementor-element-06b252c e-flex e-con-boxed e-con e-child\" data-id=\"06b252c\" data-element_type=\"container\" data-e-type=\"container\">\n\t\t\t\t\t<div class=\"e-con-inner\">\n\t\t\t\t<div class=\"elementor-element elementor-element-423cb22 elementor-widget elementor-widget-text-editor\" data-id=\"423cb22\" data-element_type=\"widget\" data-e-type=\"widget\" data-widget_type=\"text-editor.default\">\n\t\t\t\t<div class=\"elementor-widget-container\">\n\t\t\t\t\t\t\t\t\t<p>La inspiraci\u00f3n para esta colaboraci\u00f3n surgi\u00f3 de la creencia compartida en el poder transformador de la m\u00fasica y de una apasionada defensora de Merit en la congregaci\u00f3n. Jennifer Montague, miembro de Merit <strong><a href=\"https:\/\/meritmusic.org\/es\/board-trustees\/\">S\u00edndico de la junta directiva<\/a><\/strong> y <a href=\"https:\/\/meritmusic.org\/es\/alumni\/\"><strong>alumbre<\/strong><\/a>, Recuerda con cari\u00f1o sus estudios en Merit, y fue una de las impulsoras del desarrollo de esta colaboraci\u00f3n al presentar la escuela al pastor JeVon Moore. &quot;Ella elogi\u00f3 el programa&quot;, comparte el pastor Moore. &quot;Merit la ayud\u00f3 a formarse, y supe que un programa como ese ser\u00eda fant\u00e1stico&quot;.\u201c<\/p>\t\t\t\t\t\t\t\t<\/div>\n\t\t\t\t<\/div>\n\t\t\t\t\t<\/div>\n\t\t\t\t<\/div>\n\t\t<div class=\"elementor-element elementor-element-a0c0c9e e-flex e-con-boxed e-con e-child\" data-id=\"a0c0c9e\" data-element_type=\"container\" data-e-type=\"container\">\n\t\t\t\t\t<div class=\"e-con-inner\">\n\t\t\t\t<div class=\"elementor-element elementor-element-7446740 elementor-widget elementor-widget-image\" data-id=\"7446740\" data-element_type=\"widget\" data-e-type=\"widget\" data-widget_type=\"image.default\">\n\t\t\t\t<div class=\"elementor-widget-container\">\n\t\t\t\t\t\t\t\t\t\t\t\t\t\t\t<img decoding=\"async\" width=\"850\" height=\"950\" src=\"https:\/\/i0.wp.com\/meritmusic.org\/wp-content\/uploads\/2026\/02\/merit-south-shore-bryn-mawr-church.jpg?fit=850%2C950&amp;ssl=1\" class=\"attachment-large size-large wp-image-56204\" alt=\"merit south shore bryn mawr\" srcset=\"https:\/\/i0.wp.com\/meritmusic.org\/wp-content\/uploads\/2026\/02\/merit-south-shore-bryn-mawr-church.jpg?w=850&amp;ssl=1 850w, https:\/\/i0.wp.com\/meritmusic.org\/wp-content\/uploads\/2026\/02\/merit-south-shore-bryn-mawr-church.jpg?resize=268%2C300&amp;ssl=1 268w, https:\/\/i0.wp.com\/meritmusic.org\/wp-content\/uploads\/2026\/02\/merit-south-shore-bryn-mawr-church.jpg?resize=768%2C858&amp;ssl=1 768w, https:\/\/i0.wp.com\/meritmusic.org\/wp-content\/uploads\/2026\/02\/merit-south-shore-bryn-mawr-church.jpg?resize=11%2C12&amp;ssl=1 11w\" sizes=\"(max-width: 850px) 100vw, 850px\" \/>\t\t\t\t\t\t\t\t\t\t\t\t\t\t\t<\/div>\n\t\t\t\t<\/div>\n\t\t\t\t\t<\/div>\n\t\t\t\t<\/div>\n\t\t\t\t<\/div>\n\t\t<div class=\"elementor-element elementor-element-3382ca4 e-flex e-con-boxed e-con e-parent\" data-id=\"3382ca4\" data-element_type=\"container\" data-e-type=\"container\">\n\t\t\t\t\t<div class=\"e-con-inner\">\n\t\t\t\t<div class=\"elementor-element elementor-element-aebcfea elementor-widget elementor-widget-text-editor\" data-id=\"aebcfea\" data-element_type=\"widget\" data-e-type=\"widget\" data-widget_type=\"text-editor.default\">\n\t\t\t\t<div class=\"elementor-widget-container\">\n\t\t\t\t\t\t\t\t\t<p>El pastor Moore ha visto los obst\u00e1culos que impiden a los j\u00f3venes de su comunidad acceder a la educaci\u00f3n musical. &quot;La m\u00fasica est\u00e1 arraigada en la cultura negra, pero existen muchas barreras econ\u00f3micas, adem\u00e1s de la planificaci\u00f3n y el esfuerzo necesarios para conseguir los instrumentos y las clases&quot;, afirma. &quot;La iglesia logr\u00f3 superar algunas de esas barreras y brindar a los j\u00f3venes oportunidades de tocar&quot;. Su visi\u00f3n coincide perfectamente con la misi\u00f3n de Merit de reducir las barreras de acceso a una educaci\u00f3n musical de alta calidad, y esta colaboraci\u00f3n crea un espacio para que los j\u00f3venes m\u00fasicos aprendan, crezcan y se encuentren a s\u00ed mismos a trav\u00e9s de la educaci\u00f3n musical.<\/p>\t\t\t\t\t\t\t\t<\/div>\n\t\t\t\t<\/div>\n\t\t\t\t<div class=\"elementor-element elementor-element-4d4f4e2 elementor-blockquote--skin-quotation elementor-blockquote--align-center elementor-widget elementor-widget-blockquote\" data-id=\"4d4f4e2\" data-element_type=\"widget\" data-e-type=\"widget\" data-widget_type=\"blockquote.default\">\n\t\t\t\t<div class=\"elementor-widget-container\">\n\t\t\t\t\t\t\t<blockquote class=\"elementor-blockquote\">\n\t\t\t<p class=\"elementor-blockquote__content\">\n\t\t\t\t\u201cLa iglesia ofrece un espacio f\u00edsico para recordarles a los ni\u00f1os negros y latinos de la comunidad que quienes los precedieron hicieron cosas incre\u00edbles en la m\u00fasica. Hay un espacio para ellos.\"\t\t\t<\/p>\n\t\t\t\t\t\t\t<div class=\"e-q-footer\">\n\t\t\t\t\t\t\t\t\t\t\t<cite class=\"elementor-blockquote__author\">Pastor JeVon Moore<\/cite>\n\t\t\t\t\t\t\t\t\t\t\t\t\t\t<\/div>\n\t\t\t\t\t<\/blockquote>\n\t\t\t\t\t\t<\/div>\n\t\t\t\t<\/div>\n\t\t\t\t<div class=\"elementor-element elementor-element-3d6dc49 elementor-widget elementor-widget-text-editor\" data-id=\"3d6dc49\" data-element_type=\"widget\" data-e-type=\"widget\" data-widget_type=\"text-editor.default\">\n\t\t\t\t<div class=\"elementor-widget-container\">\n\t\t\t\t\t\t\t\t\t<p>Para las familias que participan en nuestras nuevas clases en South Shore, tener acceso a educaci\u00f3n musical de alta calidad en su propio vecindario ha sido transformador. &quot;Contar con este nivel de educaci\u00f3n musical aqu\u00ed mismo, en nuestra comunidad, es incre\u00edblemente especial&quot;, dice Jenica J., madre de Amara, una estudiante de viol\u00edn de seis a\u00f1os. &quot;Es m\u00e1s que una simple clase; se ha convertido en parte de nuestro pueblo&quot;.\u201c<\/p>\t\t\t\t\t\t\t\t<\/div>\n\t\t\t\t<\/div>\n\t\t\t\t\t<\/div>\n\t\t\t\t<\/div>\n\t\t\t\t\t<\/div>\n\t\t<\/div>\n\t\t\t\t\t<\/div>\n\t\t<\/section>\n\t\t\t\t<section class=\"elementor-section elementor-top-section elementor-element elementor-element-67ba10d elementor-section-boxed elementor-section-height-default elementor-section-height-default\" data-id=\"67ba10d\" data-element_type=\"section\" data-e-type=\"section\">\n\t\t\t\t\t\t<div class=\"elementor-container elementor-column-gap-default\">\n\t\t\t\t\t<div class=\"elementor-column elementor-col-100 elementor-top-column elementor-element elementor-element-e790dca\" data-id=\"e790dca\" data-element_type=\"column\" data-e-type=\"column\">\n\t\t\t<div class=\"elementor-widget-wrap elementor-element-populated\">\n\t\t\t\t<div class=\"elementor-element elementor-element-e442fad e-grid e-con-full e-con e-parent\" data-id=\"e442fad\" data-element_type=\"container\" data-e-type=\"container\">\n\t\t<div class=\"elementor-element elementor-element-5ab2762 e-flex e-con-boxed e-con e-child\" data-id=\"5ab2762\" data-element_type=\"container\" data-e-type=\"container\">\n\t\t\t\t\t<div class=\"e-con-inner\">\n\t\t\t\t<div class=\"elementor-element elementor-element-2be4521 elementor-widget elementor-widget-image\" data-id=\"2be4521\" data-element_type=\"widget\" data-e-type=\"widget\" data-widget_type=\"image.default\">\n\t\t\t\t<div class=\"elementor-widget-container\">\n\t\t\t\t\t\t\t\t\t\t\t\t\t\t\t<img decoding=\"async\" width=\"850\" height=\"950\" src=\"https:\/\/i0.wp.com\/meritmusic.org\/wp-content\/uploads\/2026\/02\/merit-south-shore-student.jpg?fit=850%2C950&amp;ssl=1\" class=\"attachment-large size-large wp-image-56206\" alt=\"merit south shore\" srcset=\"https:\/\/i0.wp.com\/meritmusic.org\/wp-content\/uploads\/2026\/02\/merit-south-shore-student.jpg?w=850&amp;ssl=1 850w, https:\/\/i0.wp.com\/meritmusic.org\/wp-content\/uploads\/2026\/02\/merit-south-shore-student.jpg?resize=268%2C300&amp;ssl=1 268w, https:\/\/i0.wp.com\/meritmusic.org\/wp-content\/uploads\/2026\/02\/merit-south-shore-student.jpg?resize=768%2C858&amp;ssl=1 768w, https:\/\/i0.wp.com\/meritmusic.org\/wp-content\/uploads\/2026\/02\/merit-south-shore-student.jpg?resize=11%2C12&amp;ssl=1 11w\" sizes=\"(max-width: 850px) 100vw, 850px\" \/>\t\t\t\t\t\t\t\t\t\t\t\t\t\t\t<\/div>\n\t\t\t\t<\/div>\n\t\t\t\t\t<\/div>\n\t\t\t\t<\/div>\n\t\t<div class=\"elementor-element elementor-element-8b93aa0 e-flex e-con-boxed e-con e-child\" data-id=\"8b93aa0\" data-element_type=\"container\" data-e-type=\"container\">\n\t\t\t\t\t<div class=\"e-con-inner\">\n\t\t\t\t<div class=\"elementor-element elementor-element-ee76161 elementor-widget elementor-widget-text-editor\" data-id=\"ee76161\" data-element_type=\"widget\" data-e-type=\"widget\" data-widget_type=\"text-editor.default\">\n\t\t\t\t<div class=\"elementor-widget-container\">\n\t\t\t\t\t\t\t\t\tHist\u00f3ricamente, la iglesia ha desempe\u00f1ado un papel central en la vida musical de las comunidades negras, y el pastor Moore considera esta colaboraci\u00f3n como una continuaci\u00f3n natural de ese legado. &quot;La iglesia negra es una incubadora para la m\u00fasica&quot;, comparte el pastor Moore. &quot;La iglesia ofrece un espacio f\u00edsico para recordar a los ni\u00f1os negros y latinos de la comunidad que quienes los precedieron hicieron cosas incre\u00edbles en la m\u00fasica. Hay un espacio para ellos&quot;. Esto genera una mayor conexi\u00f3n con la comunidad, adem\u00e1s de promover la confianza y la autoestima de los estudiantes. \t\t\t\t\t\t\t\t<\/div>\n\t\t\t\t<\/div>\n\t\t\t\t\t<\/div>\n\t\t\t\t<\/div>\n\t\t\t\t<\/div>\n\t\t\t\t\t<\/div>\n\t\t<\/div>\n\t\t\t\t\t<\/div>\n\t\t<\/section>\n\t\t<div class=\"elementor-element elementor-element-fe130d4 e-flex e-con-boxed e-con e-parent\" data-id=\"fe130d4\" data-element_type=\"container\" data-e-type=\"container\">\n\t\t\t\t\t<div class=\"e-con-inner\">\n\t\t<div class=\"elementor-element elementor-element-cc11d39 e-con-full e-flex e-con e-child\" data-id=\"cc11d39\" data-element_type=\"container\" data-e-type=\"container\">\n\t\t\t\t<div class=\"elementor-element elementor-element-a1cccd2 elementor-widget elementor-widget-text-editor\" data-id=\"a1cccd2\" data-element_type=\"widget\" data-e-type=\"widget\" data-widget_type=\"text-editor.default\">\n\t\t\t\t<div class=\"elementor-widget-container\">\n\t\t\t\t\t\t\t\t\tLas familias de Merit \u2013 South Shore ya est\u00e1n sintiendo este crecimiento a medida que sus hijos aprenden. \u201cLa m\u00fasica le ha dado a Amara un espacio para brillar, para concentrarse y para sentirse orgullosa de s\u00ed misma\u201d, comparte Jenica.\t\t\t\t\t\t\t\t<\/div>\n\t\t\t\t<\/div>\n\t\t\t\t<\/div>\n\t\t\t\t\t<\/div>\n\t\t\t\t<\/div>\n\t\t\t\t<section class=\"elementor-section elementor-top-section elementor-element elementor-element-d288aa9 elementor-section-boxed elementor-section-height-default elementor-section-height-default\" data-id=\"d288aa9\" data-element_type=\"section\" data-e-type=\"section\">\n\t\t\t\t\t\t<div class=\"elementor-container elementor-column-gap-default\">\n\t\t\t\t\t<div class=\"elementor-column elementor-col-100 elementor-top-column elementor-element elementor-element-d1454c6\" data-id=\"d1454c6\" data-element_type=\"column\" data-e-type=\"column\">\n\t\t\t<div class=\"elementor-widget-wrap elementor-element-populated\">\n\t\t\t\t<div class=\"elementor-element elementor-element-c53fcf8 e-grid e-con-full e-con e-parent\" data-id=\"c53fcf8\" data-element_type=\"container\" data-e-type=\"container\">\n\t\t<div class=\"elementor-element elementor-element-0962ec3 e-flex e-con-boxed e-con e-child\" data-id=\"0962ec3\" data-element_type=\"container\" data-e-type=\"container\">\n\t\t\t\t\t<div class=\"e-con-inner\">\n\t\t\t\t<div class=\"elementor-element elementor-element-181873a elementor-widget elementor-widget-text-editor\" data-id=\"181873a\" data-element_type=\"widget\" data-e-type=\"widget\" data-widget_type=\"text-editor.default\">\n\t\t\t\t<div class=\"elementor-widget-container\">\n\t\t\t\t\t\t\t\t\t\nEl pastor Moore espera que esta colaboraci\u00f3n continua tenga un impacto positivo en los ni\u00f1os y las familias de la iglesia y de la comunidad de South Shore en general. &quot;Espero que se considere un aliado en la reducci\u00f3n de la violencia&quot;, comparte. &quot;Queremos fomentar un espacio seguro para nuestros ni\u00f1os y fortalecer los lazos familiares intergeneracionales y comunitarios&quot;.\u201c\t\t\t\t\t\t\t\t<\/div>\n\t\t\t\t<\/div>\n\t\t\t\t\t<\/div>\n\t\t\t\t<\/div>\n\t\t<div class=\"elementor-element elementor-element-73d000c e-flex e-con-boxed e-con e-child\" data-id=\"73d000c\" data-element_type=\"container\" data-e-type=\"container\">\n\t\t\t\t\t<div class=\"e-con-inner\">\n\t\t\t\t<div class=\"elementor-element elementor-element-639b421 elementor-widget elementor-widget-image\" data-id=\"639b421\" data-element_type=\"widget\" data-e-type=\"widget\" data-widget_type=\"image.default\">\n\t\t\t\t<div class=\"elementor-widget-container\">\n\t\t\t\t\t\t\t\t\t\t\t\t\t\t\t<img loading=\"lazy\" decoding=\"async\" width=\"1000\" height=\"667\" src=\"https:\/\/i0.wp.com\/meritmusic.org\/wp-content\/uploads\/2026\/02\/merit-south-shore-student-2.jpg?fit=1000%2C667&amp;ssl=1\" class=\"attachment-large size-large wp-image-56205\" alt=\"merit south shore\" srcset=\"https:\/\/i0.wp.com\/meritmusic.org\/wp-content\/uploads\/2026\/02\/merit-south-shore-student-2.jpg?w=1000&amp;ssl=1 1000w, https:\/\/i0.wp.com\/meritmusic.org\/wp-content\/uploads\/2026\/02\/merit-south-shore-student-2.jpg?resize=300%2C200&amp;ssl=1 300w, https:\/\/i0.wp.com\/meritmusic.org\/wp-content\/uploads\/2026\/02\/merit-south-shore-student-2.jpg?resize=768%2C512&amp;ssl=1 768w, https:\/\/i0.wp.com\/meritmusic.org\/wp-content\/uploads\/2026\/02\/merit-south-shore-student-2.jpg?resize=18%2C12&amp;ssl=1 18w\" sizes=\"(max-width: 1000px) 100vw, 1000px\" \/>\t\t\t\t\t\t\t\t\t\t\t\t\t\t\t<\/div>\n\t\t\t\t<\/div>\n\t\t\t\t\t<\/div>\n\t\t\t\t<\/div>\n\t\t\t\t<\/div>\n\t\t\t\t\t<\/div>\n\t\t<\/div>\n\t\t\t\t\t<\/div>\n\t\t<\/section>\n\t\t<div class=\"elementor-element elementor-element-5fc3735 e-flex e-con-boxed e-con e-parent\" data-id=\"5fc3735\" data-element_type=\"container\" data-e-type=\"container\">\n\t\t\t\t\t<div class=\"e-con-inner\">\n\t\t\t\t<div class=\"elementor-element elementor-element-06443e4 elementor-widget elementor-widget-text-editor\" data-id=\"06443e4\" data-element_type=\"widget\" data-e-type=\"widget\" data-widget_type=\"text-editor.default\">\n\t\t\t\t<div class=\"elementor-widget-container\">\n\t\t\t\t\t\t\t\t\tDe cara al futuro, mantenemos nuestro compromiso de involucrar a nuevos estudiantes y ampliar el acceso a toda la comunidad. Nuestra visi\u00f3n compartida contin\u00faa dando forma a un espacio donde se honra la cultura, se reducen las barreras y los ni\u00f1os pueden verse reflejados en un rico legado musical. Como comparte Jenica: \u201cVer a las familias reunirse en torno a la m\u00fasica nos recuerda cu\u00e1nto valora nuestra comunidad las oportunidades que fomentan la creatividad y la confianza en nuestros ni\u00f1os. Es muy importante tener acceso a algo tan enriquecedor, justo en casa, en South Shore\u201d. Ese esp\u00edritu de conexi\u00f3n y posibilidad nos impulsa a medida que Merit \u2013 South Shore contin\u00faa evolucionando, guiados por la convicci\u00f3n de que cada ni\u00f1o merece un lugar donde aprender, sentirse parte y prosperar a trav\u00e9s de la m\u00fasica. \t\t\t\t\t\t\t\t<\/div>\n\t\t\t\t<\/div>\n\t\t\t\t<div class=\"elementor-element elementor-element-1817ac6 elementor-widget elementor-widget-heading\" data-id=\"1817ac6\" data-element_type=\"widget\" data-e-type=\"widget\" data-widget_type=\"heading.default\">\n\t\t\t\t<div class=\"elementor-widget-container\">\n\t\t\t\t\t<h5 class=\"elementor-heading-title elementor-size-default\"><a href=\"https:\/\/meritmusic.org\/es\/south-shore\/\" target=\"_blank\"><strong>Explora Merit South Shore \u2192<\/strong><\/a><\/h5>\t\t\t\t<\/div>\n\t\t\t\t<\/div>\n\t\t\t\t\t<\/div>\n\t\t\t\t<\/div>\n\t\t\t\t<section class=\"elementor-section elementor-top-section elementor-element elementor-element-d5e02d4 elementor-section-content-middle elementor-section-boxed elementor-section-height-default elementor-section-height-default\" data-id=\"d5e02d4\" data-element_type=\"section\" data-e-type=\"section\" data-settings=\"{&quot;background_background&quot;:&quot;classic&quot;,&quot;animation&quot;:&quot;none&quot;}\">\n\t\t\t\t\t\t<div class=\"elementor-container elementor-column-gap-no\">\n\t\t\t\t\t<div class=\"elementor-column elementor-col-100 elementor-top-column elementor-element elementor-element-09b5fe3\" data-id=\"09b5fe3\" data-element_type=\"column\" data-e-type=\"column\" data-settings=\"{&quot;background_background&quot;:&quot;classic&quot;}\">\n\t\t\t<div class=\"elementor-widget-wrap elementor-element-populated\">\n\t\t\t\t\t\t<div class=\"elementor-element elementor-element-345e462 elementor-hidden-widescreen elementor-hidden-desktop elementor-hidden-laptop elementor-hidden-tablet_extra elementor-hidden-tablet elementor-hidden-mobile_extra elementor-hidden-mobile elementor-invisible elementor-widget elementor-widget-heading\" data-id=\"345e462\" data-element_type=\"widget\" data-e-type=\"widget\" data-settings=\"{&quot;_animation&quot;:&quot;fadeInRight&quot;}\" data-widget_type=\"heading.default\">\n\t\t\t\t<div class=\"elementor-widget-container\">\n\t\t\t\t\t<h4 class=\"elementor-heading-title elementor-size-default\"><h4 class=\"elementor-heading-title elementor-size-default elementor-inline-editing pen\" data-elementor-setting-key=\"title\" data-pen-placeholder=\"Type Here...\" style=\"font-style: normal;font-family: Montserrat, sans-serif\">\u00bfQuieres saber m\u00e1s sobre Merit South Shore?<\/h4><\/h4>\t\t\t\t<\/div>\n\t\t\t\t<\/div>\n\t\t\t\t<div class=\"elementor-element elementor-element-75214c9 elementor-hidden-widescreen elementor-hidden-desktop elementor-hidden-laptop elementor-hidden-tablet_extra elementor-hidden-tablet elementor-hidden-mobile_extra elementor-hidden-mobile elementor-widget elementor-widget-text-editor\" data-id=\"75214c9\" data-element_type=\"widget\" data-e-type=\"widget\" data-widget_type=\"text-editor.default\">\n\t\t\t\t<div class=\"elementor-widget-container\">\n\t\t\t\t\t\t\t\t\t<p>Complete el formulario a continuaci\u00f3n para recibir orientaci\u00f3n de nuestros especialistas en educaci\u00f3n musical directamente en su bandeja de entrada.<\/p>\t\t\t\t\t\t\t\t<\/div>\n\t\t\t\t<\/div>\n\t\t\t\t<div class=\"elementor-element elementor-element-cadf412 elementor-widget elementor-widget-hubspot-form\" data-id=\"cadf412\" data-element_type=\"widget\" data-e-type=\"widget\" data-widget_type=\"hubspot-form.default\">\n\t\t\t\t<div class=\"elementor-widget-container\">\n\t\t\t\t\t\n\t\t\t\t\t\t<script>\n\t\t\t\t\t\t\twindow.hsFormsOnReady = window.hsFormsOnReady || [];\n\t\t\t\t\t\t\twindow.hsFormsOnReady.push(()=>{\n\t\t\t\t\t\t\t\thbspt.forms.create({\n\t\t\t\t\t\t\t\t\tportalId: 20342631,\n\t\t\t\t\t\t\t\t\tformId: \"9ab1b37c-3c32-41af-a40c-9199a2ff3b9c\",\n\t\t\t\t\t\t\t\t\ttarget: \"#hbspt-form-1777679688000-6073755492\",\n\t\t\t\t\t\t\t\t\tregion: \"na1\",\n\t\t\t\t\t\t\t\t\t\n\t\t\t\t\t\t\t})});\n\t\t\t\t\t\t<\/script>\n\t\t\t\t\t\t<div class=\"hbspt-form\" id=\"hbspt-form-1777679688000-6073755492\"><\/div>\t\t\t\t<\/div>\n\t\t\t\t<\/div>\n\t\t\t\t\t<\/div>\n\t\t<\/div>\n\t\t\t\t\t<\/div>\n\t\t<\/section>\n\t\t\t\t<\/div>","protected":false},"excerpt":{"rendered":"<p>This Black History Month, we are delighted to celebrate the power of a special partnership rooted in community, culture, and creativity. In the summer of 2024, Merit School of Music [&hellip;]<\/p>\n","protected":false},"author":6,"featured_media":56203,"comment_status":"closed","ping_status":"closed","sticky":false,"template":"elementor_theme","format":"standard","meta":{"_acf_changed":false,"content-type":"","site-sidebar-layout":"default","site-content-layout":"","ast-site-content-layout":"default","site-content-style":"default","site-sidebar-style":"default","ast-global-header-display":"","ast-banner-title-visibility":"","ast-main-header-display":"","ast-hfb-above-header-display":"","ast-hfb-below-header-display":"","ast-hfb-mobile-header-display":"","site-post-title":"","ast-breadcrumbs-content":"","ast-featured-img":"","footer-sml-layout":"","ast-disable-related-posts":"","theme-transparent-header-meta":"","adv-header-id-meta":"","stick-header-meta":"","header-above-stick-meta":"","header-main-stick-meta":"","header-below-stick-meta":"","astra-migrate-meta-layouts":"set","ast-page-background-enabled":"default","ast-page-background-meta":{"desktop":{"background-color":"var(--ast-global-color-4)","background-image":"","background-repeat":"repeat","background-position":"center center","background-size":"auto","background-attachment":"scroll","background-type":"","background-media":"","overlay-type":"","overlay-color":"","overlay-opacity":"","overlay-gradient":""},"tablet":{"background-color":"","background-image":"","background-repeat":"repeat","background-position":"center center","background-size":"auto","background-attachment":"scroll","background-type":"","background-media":"","overlay-type":"","overlay-color":"","overlay-opacity":"","overlay-gradient":""},"mobile":{"background-color":"","background-image":"","background-repeat":"repeat","background-position":"center center","background-size":"auto","background-attachment":"scroll","background-type":"","background-media":"","overlay-type":"","overlay-color":"","overlay-opacity":"","overlay-gradient":""}},"ast-content-background-meta":{"desktop":{"background-color":"var(--ast-global-color-5)","background-image":"","background-repeat":"repeat","background-position":"center center","background-size":"auto","background-attachment":"scroll","background-type":"","background-media":"","overlay-type":"","overlay-color":"","overlay-opacity":"","overlay-gradient":""},"tablet":{"background-color":"var(--ast-global-color-5)","background-image":"","background-repeat":"repeat","background-position":"center center","background-size":"auto","background-attachment":"scroll","background-type":"","background-media":"","overlay-type":"","overlay-color":"","overlay-opacity":"","overlay-gradient":""},"mobile":{"background-color":"var(--ast-global-color-5)","background-image":"","background-repeat":"repeat","background-position":"center center","background-size":"auto","background-attachment":"scroll","background-type":"","background-media":"","overlay-type":"","overlay-color":"","overlay-opacity":"","overlay-gradient":""}},"_jetpack_memberships_contains_paid_content":false,"footnotes":""},"categories":[141,20],"tags":[],"post_folder":[],"class_list":["post-56201","post","type-post","status-publish","format-standard","has-post-thumbnail","hentry","category-group-classes","category-stories"],"acf":[],"yoast_head":"<!-- This site is optimized with the Yoast SEO plugin v27.3 - https:\/\/yoast.com\/product\/yoast-seo-wordpress\/ -->\n<title>Celebrating Black History Month Through Music &amp; Community: Merit South Shore<\/title>\n<meta name=\"description\" content=\"Music, culture, and community come together this Black History Month with Merit School of Music and Bryn Mawr Community Church&#039;s growing partnership.\" \/>\n<meta name=\"robots\" content=\"index, follow, max-snippet:-1, max-image-preview:large, max-video-preview:-1\" \/>\n<link rel=\"canonical\" href=\"https:\/\/meritmusic.org\/es\/black-history-month-south-shore\/\" \/>\n<meta property=\"og:locale\" content=\"es_MX\" \/>\n<meta property=\"og:type\" content=\"article\" \/>\n<meta property=\"og:title\" content=\"Celebrating Black History Month Through Music &amp; Community: Merit South Shore\" \/>\n<meta property=\"og:description\" content=\"Music, culture, and community come together this Black History Month with Merit School of Music and Bryn Mawr Community Church&#039;s growing partnership.\" \/>\n<meta property=\"og:url\" content=\"https:\/\/meritmusic.org\/es\/black-history-month-south-shore\/\" \/>\n<meta property=\"og:site_name\" content=\"Merit School of Music\" \/>\n<meta property=\"article:published_time\" content=\"2026-02-19T21:00:07+00:00\" \/>\n<meta property=\"article:modified_time\" content=\"2026-02-19T21:46:11+00:00\" \/>\n<meta name=\"author\" content=\"Erin Darge\" \/>\n<meta name=\"twitter:card\" content=\"summary_large_image\" \/>\n<meta name=\"twitter:label1\" content=\"Escrito por\" \/>\n\t<meta name=\"twitter:data1\" content=\"Erin Darge\" \/>\n\t<meta name=\"twitter:label2\" content=\"Tiempo de lectura\" \/>\n\t<meta name=\"twitter:data2\" content=\"4 minutos\" \/>\n<script type=\"application\/ld+json\" class=\"yoast-schema-graph\">{\"@context\":\"https:\\\/\\\/schema.org\",\"@graph\":[{\"@type\":\"Article\",\"@id\":\"https:\\\/\\\/meritmusic.org\\\/black-history-month-south-shore\\\/#article\",\"isPartOf\":{\"@id\":\"https:\\\/\\\/meritmusic.org\\\/black-history-month-south-shore\\\/\"},\"author\":{\"name\":\"Erin Darge\",\"@id\":\"https:\\\/\\\/meritmusic.org\\\/#\\\/schema\\\/person\\\/89f173802fcc35e63529f35a11be6ed9\"},\"headline\":\"Celebrating Black History Month Through Music and Community:\u00a0Reflections from our Partners at\u00a0Merit \u2013 South Shore\u00a0\",\"datePublished\":\"2026-02-19T21:00:07+00:00\",\"dateModified\":\"2026-02-19T21:46:11+00:00\",\"mainEntityOfPage\":{\"@id\":\"https:\\\/\\\/meritmusic.org\\\/black-history-month-south-shore\\\/\"},\"wordCount\":716,\"publisher\":{\"@id\":\"https:\\\/\\\/meritmusic.org\\\/#organization\"},\"image\":{\"@id\":\"https:\\\/\\\/meritmusic.org\\\/black-history-month-south-shore\\\/#primaryimage\"},\"thumbnailUrl\":\"https:\\\/\\\/i0.wp.com\\\/meritmusic.org\\\/wp-content\\\/uploads\\\/2026\\\/02\\\/black-history-month-merit-south-shore-featured.jpg?fit=1200%2C900&ssl=1\",\"articleSection\":[\"Group Classes\",\"Stories\"],\"inLanguage\":\"es\"},{\"@type\":\"WebPage\",\"@id\":\"https:\\\/\\\/meritmusic.org\\\/black-history-month-south-shore\\\/\",\"url\":\"https:\\\/\\\/meritmusic.org\\\/black-history-month-south-shore\\\/\",\"name\":\"Celebrating Black History Month Through Music & Community: Merit South Shore\",\"isPartOf\":{\"@id\":\"https:\\\/\\\/meritmusic.org\\\/#website\"},\"primaryImageOfPage\":{\"@id\":\"https:\\\/\\\/meritmusic.org\\\/black-history-month-south-shore\\\/#primaryimage\"},\"image\":{\"@id\":\"https:\\\/\\\/meritmusic.org\\\/black-history-month-south-shore\\\/#primaryimage\"},\"thumbnailUrl\":\"https:\\\/\\\/i0.wp.com\\\/meritmusic.org\\\/wp-content\\\/uploads\\\/2026\\\/02\\\/black-history-month-merit-south-shore-featured.jpg?fit=1200%2C900&ssl=1\",\"datePublished\":\"2026-02-19T21:00:07+00:00\",\"dateModified\":\"2026-02-19T21:46:11+00:00\",\"description\":\"Music, culture, and community come together this Black History Month with Merit School of Music and Bryn Mawr Community Church's growing partnership.\",\"breadcrumb\":{\"@id\":\"https:\\\/\\\/meritmusic.org\\\/black-history-month-south-shore\\\/#breadcrumb\"},\"inLanguage\":\"es\",\"potentialAction\":[{\"@type\":\"ReadAction\",\"target\":[\"https:\\\/\\\/meritmusic.org\\\/black-history-month-south-shore\\\/\"]}]},{\"@type\":\"ImageObject\",\"inLanguage\":\"es\",\"@id\":\"https:\\\/\\\/meritmusic.org\\\/black-history-month-south-shore\\\/#primaryimage\",\"url\":\"https:\\\/\\\/i0.wp.com\\\/meritmusic.org\\\/wp-content\\\/uploads\\\/2026\\\/02\\\/black-history-month-merit-south-shore-featured.jpg?fit=1200%2C900&ssl=1\",\"contentUrl\":\"https:\\\/\\\/i0.wp.com\\\/meritmusic.org\\\/wp-content\\\/uploads\\\/2026\\\/02\\\/black-history-month-merit-south-shore-featured.jpg?fit=1200%2C900&ssl=1\",\"width\":1200,\"height\":900,\"caption\":\"merit south shore\"},{\"@type\":\"BreadcrumbList\",\"@id\":\"https:\\\/\\\/meritmusic.org\\\/black-history-month-south-shore\\\/#breadcrumb\",\"itemListElement\":[{\"@type\":\"ListItem\",\"position\":1,\"name\":\"Home\",\"item\":\"https:\\\/\\\/meritmusic.org\\\/\"},{\"@type\":\"ListItem\",\"position\":2,\"name\":\"Celebrating Black History Month Through Music and Community:\u00a0Reflections from our Partners at\u00a0Merit \u2013 South Shore\u00a0\"}]},{\"@type\":\"WebSite\",\"@id\":\"https:\\\/\\\/meritmusic.org\\\/#website\",\"url\":\"https:\\\/\\\/meritmusic.org\\\/\",\"name\":\"Merit School of Music\",\"description\":\"Merit School of Music is a nationally accredited music school located in Chicago, removing barriers to high-quality music education.\",\"publisher\":{\"@id\":\"https:\\\/\\\/meritmusic.org\\\/#organization\"},\"potentialAction\":[{\"@type\":\"SearchAction\",\"target\":{\"@type\":\"EntryPoint\",\"urlTemplate\":\"https:\\\/\\\/meritmusic.org\\\/?s={search_term_string}\"},\"query-input\":{\"@type\":\"PropertyValueSpecification\",\"valueRequired\":true,\"valueName\":\"search_term_string\"}}],\"inLanguage\":\"es\"},{\"@type\":\"Organization\",\"@id\":\"https:\\\/\\\/meritmusic.org\\\/#organization\",\"name\":\"Merit School of Music\",\"url\":\"https:\\\/\\\/meritmusic.org\\\/\",\"logo\":{\"@type\":\"ImageObject\",\"inLanguage\":\"es\",\"@id\":\"https:\\\/\\\/meritmusic.org\\\/#\\\/schema\\\/logo\\\/image\\\/\",\"url\":\"https:\\\/\\\/i0.wp.com\\\/meritmusic.org\\\/wp-content\\\/uploads\\\/2022\\\/09\\\/Merit_logo.png?fit=195%2C90&ssl=1\",\"contentUrl\":\"https:\\\/\\\/i0.wp.com\\\/meritmusic.org\\\/wp-content\\\/uploads\\\/2022\\\/09\\\/Merit_logo.png?fit=195%2C90&ssl=1\",\"width\":195,\"height\":90,\"caption\":\"Merit School of Music\"},\"image\":{\"@id\":\"https:\\\/\\\/meritmusic.org\\\/#\\\/schema\\\/logo\\\/image\\\/\"}},{\"@type\":\"Person\",\"@id\":\"https:\\\/\\\/meritmusic.org\\\/#\\\/schema\\\/person\\\/89f173802fcc35e63529f35a11be6ed9\",\"name\":\"Erin Darge\",\"image\":{\"@type\":\"ImageObject\",\"inLanguage\":\"es\",\"@id\":\"https:\\\/\\\/secure.gravatar.com\\\/avatar\\\/0f0df252a2bd038c924d8db80136e727d1f5761fcdfbd91c777c0644c9cc0fef?s=96&d=mm&r=g\",\"url\":\"https:\\\/\\\/secure.gravatar.com\\\/avatar\\\/0f0df252a2bd038c924d8db80136e727d1f5761fcdfbd91c777c0644c9cc0fef?s=96&d=mm&r=g\",\"contentUrl\":\"https:\\\/\\\/secure.gravatar.com\\\/avatar\\\/0f0df252a2bd038c924d8db80136e727d1f5761fcdfbd91c777c0644c9cc0fef?s=96&d=mm&r=g\",\"caption\":\"Erin Darge\"},\"url\":\"https:\\\/\\\/meritmusic.org\\\/es\\\/author\\\/marketing-temp\\\/\"}]}<\/script>\n<!-- \/ Yoast SEO plugin. -->","yoast_head_json":{"title":"Celebrando el Mes de la Historia Afroamericana a trav\u00e9s de la m\u00fasica y la comunidad: Merit South Shore","description":"La m\u00fasica, la cultura y la comunidad se unen este Mes de la Historia Afroamericana gracias a la creciente colaboraci\u00f3n entre la Escuela de M\u00fasica Merit y la Iglesia Comunitaria Bryn Mawr.","robots":{"index":"index","follow":"follow","max-snippet":"max-snippet:-1","max-image-preview":"max-image-preview:large","max-video-preview":"max-video-preview:-1"},"canonical":"https:\/\/meritmusic.org\/es\/black-history-month-south-shore\/","og_locale":"es_MX","og_type":"article","og_title":"Celebrating Black History Month Through Music & Community: Merit South Shore","og_description":"Music, culture, and community come together this Black History Month with Merit School of Music and Bryn Mawr Community Church's growing partnership.","og_url":"https:\/\/meritmusic.org\/es\/black-history-month-south-shore\/","og_site_name":"Merit School of Music","article_published_time":"2026-02-19T21:00:07+00:00","article_modified_time":"2026-02-19T21:46:11+00:00","author":"Erin Darge","twitter_card":"summary_large_image","twitter_misc":{"Escrito por":"Erin Darge","Tiempo de lectura":"4 minutos"},"schema":{"@context":"https:\/\/schema.org","@graph":[{"@type":"Article","@id":"https:\/\/meritmusic.org\/black-history-month-south-shore\/#article","isPartOf":{"@id":"https:\/\/meritmusic.org\/black-history-month-south-shore\/"},"author":{"name":"Erin Darge","@id":"https:\/\/meritmusic.org\/#\/schema\/person\/89f173802fcc35e63529f35a11be6ed9"},"headline":"Celebrating Black History Month Through Music and Community:\u00a0Reflections from our Partners at\u00a0Merit \u2013 South Shore\u00a0","datePublished":"2026-02-19T21:00:07+00:00","dateModified":"2026-02-19T21:46:11+00:00","mainEntityOfPage":{"@id":"https:\/\/meritmusic.org\/black-history-month-south-shore\/"},"wordCount":716,"publisher":{"@id":"https:\/\/meritmusic.org\/#organization"},"image":{"@id":"https:\/\/meritmusic.org\/black-history-month-south-shore\/#primaryimage"},"thumbnailUrl":"https:\/\/i0.wp.com\/meritmusic.org\/wp-content\/uploads\/2026\/02\/black-history-month-merit-south-shore-featured.jpg?fit=1200%2C900&ssl=1","articleSection":["Group Classes","Stories"],"inLanguage":"es"},{"@type":"WebPage","@id":"https:\/\/meritmusic.org\/black-history-month-south-shore\/","url":"https:\/\/meritmusic.org\/black-history-month-south-shore\/","name":"Celebrando el Mes de la Historia Afroamericana a trav\u00e9s de la m\u00fasica y la comunidad: Merit South Shore","isPartOf":{"@id":"https:\/\/meritmusic.org\/#website"},"primaryImageOfPage":{"@id":"https:\/\/meritmusic.org\/black-history-month-south-shore\/#primaryimage"},"image":{"@id":"https:\/\/meritmusic.org\/black-history-month-south-shore\/#primaryimage"},"thumbnailUrl":"https:\/\/i0.wp.com\/meritmusic.org\/wp-content\/uploads\/2026\/02\/black-history-month-merit-south-shore-featured.jpg?fit=1200%2C900&ssl=1","datePublished":"2026-02-19T21:00:07+00:00","dateModified":"2026-02-19T21:46:11+00:00","description":"La m\u00fasica, la cultura y la comunidad se unen este Mes de la Historia Afroamericana gracias a la creciente colaboraci\u00f3n entre la Escuela de M\u00fasica Merit y la Iglesia Comunitaria Bryn Mawr.","breadcrumb":{"@id":"https:\/\/meritmusic.org\/black-history-month-south-shore\/#breadcrumb"},"inLanguage":"es","potentialAction":[{"@type":"ReadAction","target":["https:\/\/meritmusic.org\/black-history-month-south-shore\/"]}]},{"@type":"ImageObject","inLanguage":"es","@id":"https:\/\/meritmusic.org\/black-history-month-south-shore\/#primaryimage","url":"https:\/\/i0.wp.com\/meritmusic.org\/wp-content\/uploads\/2026\/02\/black-history-month-merit-south-shore-featured.jpg?fit=1200%2C900&ssl=1","contentUrl":"https:\/\/i0.wp.com\/meritmusic.org\/wp-content\/uploads\/2026\/02\/black-history-month-merit-south-shore-featured.jpg?fit=1200%2C900&ssl=1","width":1200,"height":900,"caption":"merit south shore"},{"@type":"BreadcrumbList","@id":"https:\/\/meritmusic.org\/black-history-month-south-shore\/#breadcrumb","itemListElement":[{"@type":"ListItem","position":1,"name":"Home","item":"https:\/\/meritmusic.org\/"},{"@type":"ListItem","position":2,"name":"Celebrating Black History Month Through Music and Community:\u00a0Reflections from our Partners at\u00a0Merit \u2013 South Shore\u00a0"}]},{"@type":"WebSite","@id":"https:\/\/meritmusic.org\/#website","url":"https:\/\/meritmusic.org\/","name":"Escuela de M\u00fasica al M\u00e9rito","description":"Merit School of Music es una escuela de m\u00fasica acreditada a nivel nacional ubicada en Chicago, que elimina las barreras a la educaci\u00f3n musical de alta calidad.","publisher":{"@id":"https:\/\/meritmusic.org\/#organization"},"potentialAction":[{"@type":"SearchAction","target":{"@type":"EntryPoint","urlTemplate":"https:\/\/meritmusic.org\/?s={search_term_string}"},"query-input":{"@type":"PropertyValueSpecification","valueRequired":true,"valueName":"search_term_string"}}],"inLanguage":"es"},{"@type":"Organization","@id":"https:\/\/meritmusic.org\/#organization","name":"Escuela de M\u00fasica al M\u00e9rito","url":"https:\/\/meritmusic.org\/","logo":{"@type":"ImageObject","inLanguage":"es","@id":"https:\/\/meritmusic.org\/#\/schema\/logo\/image\/","url":"https:\/\/i0.wp.com\/meritmusic.org\/wp-content\/uploads\/2022\/09\/Merit_logo.png?fit=195%2C90&ssl=1","contentUrl":"https:\/\/i0.wp.com\/meritmusic.org\/wp-content\/uploads\/2022\/09\/Merit_logo.png?fit=195%2C90&ssl=1","width":195,"height":90,"caption":"Merit School of Music"},"image":{"@id":"https:\/\/meritmusic.org\/#\/schema\/logo\/image\/"}},{"@type":"Person","@id":"https:\/\/meritmusic.org\/#\/schema\/person\/89f173802fcc35e63529f35a11be6ed9","name":"erin darge","image":{"@type":"ImageObject","inLanguage":"es","@id":"https:\/\/secure.gravatar.com\/avatar\/0f0df252a2bd038c924d8db80136e727d1f5761fcdfbd91c777c0644c9cc0fef?s=96&d=mm&r=g","url":"https:\/\/secure.gravatar.com\/avatar\/0f0df252a2bd038c924d8db80136e727d1f5761fcdfbd91c777c0644c9cc0fef?s=96&d=mm&r=g","contentUrl":"https:\/\/secure.gravatar.com\/avatar\/0f0df252a2bd038c924d8db80136e727d1f5761fcdfbd91c777c0644c9cc0fef?s=96&d=mm&r=g","caption":"Erin Darge"},"url":"https:\/\/meritmusic.org\/es\/author\/marketing-temp\/"}]}},"jetpack_featured_media_url":"https:\/\/i0.wp.com\/meritmusic.org\/wp-content\/uploads\/2026\/02\/black-history-month-merit-south-shore-featured.jpg?fit=1200%2C900&ssl=1","jetpack_sharing_enabled":true,"_links":{"self":[{"href":"https:\/\/meritmusic.org\/es\/wp-json\/wp\/v2\/posts\/56201","targetHints":{"allow":["GET"]}}],"collection":[{"href":"https:\/\/meritmusic.org\/es\/wp-json\/wp\/v2\/posts"}],"about":[{"href":"https:\/\/meritmusic.org\/es\/wp-json\/wp\/v2\/types\/post"}],"author":[{"embeddable":true,"href":"https:\/\/meritmusic.org\/es\/wp-json\/wp\/v2\/users\/6"}],"replies":[{"embeddable":true,"href":"https:\/\/meritmusic.org\/es\/wp-json\/wp\/v2\/comments?post=56201"}],"version-history":[{"count":0,"href":"https:\/\/meritmusic.org\/es\/wp-json\/wp\/v2\/posts\/56201\/revisions"}],"wp:featuredmedia":[{"embeddable":true,"href":"https:\/\/meritmusic.org\/es\/wp-json\/wp\/v2\/media\/56203"}],"wp:attachment":[{"href":"https:\/\/meritmusic.org\/es\/wp-json\/wp\/v2\/media?parent=56201"}],"wp:term":[{"taxonomy":"category","embeddable":true,"href":"https:\/\/meritmusic.org\/es\/wp-json\/wp\/v2\/categories?post=56201"},{"taxonomy":"post_tag","embeddable":true,"href":"https:\/\/meritmusic.org\/es\/wp-json\/wp\/v2\/tags?post=56201"},{"taxonomy":"post_folder","embeddable":true,"href":"https:\/\/meritmusic.org\/es\/wp-json\/wp\/v2\/post_folder?post=56201"}],"curies":[{"name":"gracias","href":"https:\/\/api.w.org\/{rel}","templated":true}]}}