{"id":43439,"date":"2024-02-21T18:54:04","date_gmt":"2024-02-22T00:54:04","guid":{"rendered":"https:\/\/meritmusic.org\/?p=43439"},"modified":"2024-02-23T15:57:16","modified_gmt":"2024-02-23T21:57:16","slug":"black-history-month-alumni-spotlight","status":"publish","type":"post","link":"https:\/\/meritmusic.org\/es\/black-history-month-alumni-spotlight\/","title":{"rendered":"Enfoque de exalumnos del Mes de la Historia Afroamericana"},"content":{"rendered":"<div data-elementor-type=\"wp-post\" data-elementor-id=\"43439\" class=\"elementor elementor-43439\" data-elementor-post-type=\"post\">\n\t\t\t\t\t\t<section class=\"elementor-section elementor-top-section elementor-element elementor-element-fc89d16 elementor-section-boxed elementor-section-height-default elementor-section-height-default\" data-id=\"fc89d16\" data-element_type=\"section\" data-e-type=\"section\">\n\t\t\t\t\t\t<div class=\"elementor-container elementor-column-gap-default\">\n\t\t\t\t\t<div class=\"elementor-column elementor-col-100 elementor-top-column elementor-element elementor-element-1986358\" data-id=\"1986358\" data-element_type=\"column\" data-e-type=\"column\">\n\t\t\t<div class=\"elementor-widget-wrap elementor-element-populated\">\n\t\t\t\t\t\t<div class=\"elementor-element elementor-element-884b73e elementor-widget elementor-widget-image\" data-id=\"884b73e\" data-element_type=\"widget\" data-e-type=\"widget\" data-widget_type=\"image.default\">\n\t\t\t\t<div class=\"elementor-widget-container\">\n\t\t\t\t\t\t\t\t\t\t\t\t\t\t\t<img fetchpriority=\"high\" decoding=\"async\" width=\"1024\" height=\"782\" src=\"https:\/\/i0.wp.com\/meritmusic.org\/wp-content\/uploads\/2024\/02\/Black-history-month-alum-spotlight.jpg?fit=1024%2C782&amp;ssl=1\" class=\"attachment-large size-large wp-image-43540\" alt=\"A collage of three Merit alumni: Jennifer Montague, Nova Zaii, and Dr. Derrick Gay.\" srcset=\"https:\/\/i0.wp.com\/meritmusic.org\/wp-content\/uploads\/2024\/02\/Black-history-month-alum-spotlight.jpg?w=1024&amp;ssl=1 1024w, https:\/\/i0.wp.com\/meritmusic.org\/wp-content\/uploads\/2024\/02\/Black-history-month-alum-spotlight.jpg?resize=300%2C229&amp;ssl=1 300w, https:\/\/i0.wp.com\/meritmusic.org\/wp-content\/uploads\/2024\/02\/Black-history-month-alum-spotlight.jpg?resize=768%2C587&amp;ssl=1 768w, https:\/\/i0.wp.com\/meritmusic.org\/wp-content\/uploads\/2024\/02\/Black-history-month-alum-spotlight.jpg?resize=16%2C12&amp;ssl=1 16w\" sizes=\"(max-width: 1000px) 100vw, 1000px\" \/>\t\t\t\t\t\t\t\t\t\t\t\t\t\t\t<\/div>\n\t\t\t\t<\/div>\n\t\t\t\t\t<\/div>\n\t\t<\/div>\n\t\t\t\t\t<\/div>\n\t\t<\/section>\n\t\t\t\t<section class=\"elementor-section elementor-top-section elementor-element elementor-element-d3e1538 elementor-section-boxed elementor-section-height-default elementor-section-height-default\" data-id=\"d3e1538\" data-element_type=\"section\" data-e-type=\"section\">\n\t\t\t\t\t\t<div class=\"elementor-container elementor-column-gap-default\">\n\t\t\t\t\t<div class=\"elementor-column elementor-col-100 elementor-top-column elementor-element elementor-element-1bae3593\" data-id=\"1bae3593\" data-element_type=\"column\" data-e-type=\"column\">\n\t\t\t<div class=\"elementor-widget-wrap elementor-element-populated\">\n\t\t\t\t\t\t<div class=\"elementor-element elementor-element-b8caa6d elementor-widget elementor-widget-text-editor\" data-id=\"b8caa6d\" data-element_type=\"widget\" data-e-type=\"widget\" data-widget_type=\"text-editor.default\">\n\t\t\t\t<div class=\"elementor-widget-container\">\n\t\t\t\t\t\t\t\t\t<p>En honor al Mes de la Historia Afroamericana, Merit School of Music destaca solo algunos de nuestros alumnos negros notables. Estos <strong><a href=\"https:\/\/meritmusic.org\/es\/alumni\/\">alumnos<\/a><\/strong> est\u00e1n transformando el mundo a trav\u00e9s de sus talentos musicales y extramusicales e inspirando a la pr\u00f3xima generaci\u00f3n a so\u00f1ar en grande. Contin\u00fae leyendo para conocer a estos impresionantes alumnos.<\/p>\t\t\t\t\t\t\t\t<\/div>\n\t\t\t\t<\/div>\n\t\t\t\t<div class=\"elementor-element elementor-element-d773803 elementor-widget elementor-widget-heading\" data-id=\"d773803\" data-element_type=\"widget\" data-e-type=\"widget\" data-widget_type=\"heading.default\">\n\t\t\t\t<div class=\"elementor-widget-container\">\n\t\t\t\t\t<h2 class=\"elementor-heading-title elementor-size-default\">Dr. Derrick Gay<\/h2>\t\t\t\t<\/div>\n\t\t\t\t<\/div>\n\t\t\t\t<div class=\"elementor-element elementor-element-6466c25 elementor-widget elementor-widget-text-editor\" data-id=\"6466c25\" data-element_type=\"widget\" data-e-type=\"widget\" data-widget_type=\"text-editor.default\">\n\t\t\t\t<div class=\"elementor-widget-container\">\n\t\t\t\t\t\t\t\t\t<p>Respetado estratega de diversidad, pertenencia y competencia intercultural, el trabajo transformador del Dr. Derrick Gay fomenta culturas inclusivas en entornos educativos y corporativos. Como consultor, orador, profesor universitario y l\u00edder intelectual reconocido internacionalmente, Derrick ha empoderado a organizaciones en todo el mundo, abarcando seis continentes y cinco idiomas. Un orgulloso alumno de Merit, Derrick sirve en Merit&#039;s <a href=\"https:\/\/meritmusic.org\/es\/board-trustees\/\"><strong>Junta directiva<\/strong><\/a> y, como cantante de \u00f3pera consumado, organiz\u00f3 una clase magistral para estudiantes del Merit Conservatory.\u00a0<\/p>\t\t\t\t\t\t\t\t<\/div>\n\t\t\t\t<\/div>\n\t\t\t\t<div class=\"elementor-element elementor-element-758d1d1 elementor-widget elementor-widget-heading\" data-id=\"758d1d1\" data-element_type=\"widget\" data-e-type=\"widget\" data-widget_type=\"heading.default\">\n\t\t\t\t<div class=\"elementor-widget-container\">\n\t\t\t\t\t<h2 class=\"elementor-heading-title elementor-size-default\">Anthony y Demarre McGill<\/h2>\t\t\t\t<\/div>\n\t\t\t\t<\/div>\n\t\t\t\t<div class=\"elementor-element elementor-element-f3debcf elementor-widget elementor-widget-text-editor\" data-id=\"f3debcf\" data-element_type=\"widget\" data-e-type=\"widget\" data-widget_type=\"text-editor.default\">\n\t\t\t\t<div class=\"elementor-widget-container\">\n\t\t\t\t\t\t\t\t\t<p><strong><a href=\"https:\/\/nyphil.org\/about-us\/artists\/anthony-mcgill\" target=\"_blank\" rel=\"noopener\">antonio mcgill<\/a><\/strong>, clarinetista principal de la Filarm\u00f3nica de Nueva York, es un clarinetista estadounidense muy vers\u00e1til y aclamado. Actu\u00f3 en la toma de posesi\u00f3n del presidente Barack Obama en 2009.<strong> <a href=\"https:\/\/www.seattlesymphony.org\/en\/about\/meetthemusicians\/theorchestra\/artists\/flute\/mcgill-demarre\" target=\"_blank\" rel=\"noopener\">Demarre McGill<\/a> <\/strong>es el flautista principal de la Sinf\u00f3nica de Seattle, conocido por sus actuaciones din\u00e1micas. Era solista de la Sinf\u00f3nica de Chicago cuando ten\u00eda apenas 15 a\u00f1os. Ambos m\u00fasicos son fervientes defensores de la educaci\u00f3n musical y de la diversificaci\u00f3n del campo de la m\u00fasica cl\u00e1sica.<\/p>\t\t\t\t\t\t\t\t<\/div>\n\t\t\t\t<\/div>\n\t\t\t\t<div class=\"elementor-element elementor-element-820f0c6 elementor-widget elementor-widget-heading\" data-id=\"820f0c6\" data-element_type=\"widget\" data-e-type=\"widget\" data-widget_type=\"heading.default\">\n\t\t\t\t<div class=\"elementor-widget-container\">\n\t\t\t\t\t<h2 class=\"elementor-heading-title elementor-size-default\">jennifer montague<\/h2>\t\t\t\t<\/div>\n\t\t\t\t<\/div>\n\t\t\t\t<div class=\"elementor-element elementor-element-8cc63db elementor-widget elementor-widget-text-editor\" data-id=\"8cc63db\" data-element_type=\"widget\" data-e-type=\"widget\" data-widget_type=\"text-editor.default\">\n\t\t\t\t<div class=\"elementor-widget-container\">\n\t\t\t\t\t\t\t\t\t<p><a href=\"https:\/\/www.nisource.com\/company\/leadership\/jennifer-montague\" target=\"_blank\" rel=\"noopener\"><strong>jennifer montague<\/strong><\/a> es una ejecutiva de negocios con experiencia conocida por su papel de liderazgo en NiSource, donde actualmente se desempe\u00f1a como presidenta y directora de operaciones de Columbia Gas of Virginia. Ha desempe\u00f1ado un papel fundamental en las iniciativas estrat\u00e9gicas y las comunicaciones de la empresa. M\u00e1s all\u00e1 de sus logros corporativos, a Jennifer le apasiona la filantrop\u00eda y apoya activamente a varias organizaciones sin fines de lucro, incluido el hecho de ser miembro desde hace mucho tiempo de la Junta Directiva de Merit.<\/p>\t\t\t\t\t\t\t\t<\/div>\n\t\t\t\t<\/div>\n\t\t\t\t<div class=\"elementor-element elementor-element-5ff370a elementor-widget elementor-widget-heading\" data-id=\"5ff370a\" data-element_type=\"widget\" data-e-type=\"widget\" data-widget_type=\"heading.default\">\n\t\t\t\t<div class=\"elementor-widget-container\">\n\t\t\t\t\t<h2 class=\"elementor-heading-title elementor-size-default\">Colina Marqu\u00e9s<\/h2>\t\t\t\t<\/div>\n\t\t\t\t<\/div>\n\t\t\t\t<div class=\"elementor-element elementor-element-f473a45 elementor-widget elementor-widget-video\" data-id=\"f473a45\" data-element_type=\"widget\" data-e-type=\"widget\" data-settings=\"{&quot;youtube_url&quot;:&quot;https:\\\/\\\/www.youtube.com\\\/watch?v=E95aoC7hIhI&quot;,&quot;video_type&quot;:&quot;youtube&quot;,&quot;controls&quot;:&quot;yes&quot;}\" data-widget_type=\"video.default\">\n\t\t\t\t<div class=\"elementor-widget-container\">\n\t\t\t\t\t\t\t<div class=\"elementor-wrapper elementor-open-inline\">\n\t\t\t<div class=\"elementor-video\"><\/div>\t\t<\/div>\n\t\t\t\t\t\t<\/div>\n\t\t\t\t<\/div>\n\t\t\t\t<div class=\"elementor-element elementor-element-0039ad9 elementor-widget elementor-widget-text-editor\" data-id=\"0039ad9\" data-element_type=\"widget\" data-e-type=\"widget\" data-widget_type=\"text-editor.default\">\n\t\t\t\t<div class=\"elementor-widget-container\">\n\t\t\t\t\t\t\t\t\t<p><strong><a href=\"https:\/\/www.marquishill.com\/\" target=\"_blank\" rel=\"noopener\">Colina Marqu\u00e9s<\/a> <\/strong>es un trompetista, compositor y director de banda de renombre internacional. En 2014 gan\u00f3 el <strong><a href=\"https:\/\/hancockinstitute.org\/competition\/\" target=\"_blank\" rel=\"noopener\">Concurso del Instituto de Jazz Thelonious Monk<\/a><\/strong>\u2014el concurso m\u00e1s prestigioso del mundo del jazz. Marquis combina a la perfecci\u00f3n estilos musicales, reuniendo jazz cl\u00e1sico y contempor\u00e1neo, hip hop, R&amp;B, house de Chicago y neo-soul.<\/p>\t\t\t\t\t\t\t\t<\/div>\n\t\t\t\t<\/div>\n\t\t\t\t<div class=\"elementor-element elementor-element-20a8b00 elementor-widget elementor-widget-heading\" data-id=\"20a8b00\" data-element_type=\"widget\" data-e-type=\"widget\" data-widget_type=\"heading.default\">\n\t\t\t\t<div class=\"elementor-widget-container\">\n\t\t\t\t\t<h2 class=\"elementor-heading-title elementor-size-default\">nikko washington<\/h2>\t\t\t\t<\/div>\n\t\t\t\t<\/div>\n\t\t\t\t<div class=\"elementor-element elementor-element-2e7a87e elementor-widget elementor-widget-text-editor\" data-id=\"2e7a87e\" data-element_type=\"widget\" data-e-type=\"widget\" data-widget_type=\"text-editor.default\">\n\t\t\t\t<div class=\"elementor-widget-container\">\n\t\t\t\t\t\t\t\t\t<p><a href=\"https:\/\/www.nikkowashington.com\/\" target=\"_blank\" rel=\"noopener\"><strong>nikko washington<\/strong><\/a> es un artista multidisciplinario cuyo trabajo abarca pintura, dibujo y dise\u00f1o gr\u00e1fico. Tambi\u00e9n es director art\u00edstico y artista de portadas de \u00e1lbumes muy solicitado, y dise\u00f1a piezas para artistas como Joey Purp y Vic Mensa. En 2023, Nikko apoy\u00f3 a Merit creando un impresionante mural instalado en el exterior del centro de m\u00fasica West Loop de Merit y recibi\u00f3 el Premio al M\u00e9rito al Arte Ciudadano en nuestra gala anual.<\/p>\t\t\t\t\t\t\t\t<\/div>\n\t\t\t\t<\/div>\n\t\t\t\t<div class=\"elementor-element elementor-element-59306f9 elementor-widget elementor-widget-text-editor\" data-id=\"59306f9\" data-element_type=\"widget\" data-e-type=\"widget\" data-widget_type=\"text-editor.default\">\n\t\t\t\t<div class=\"elementor-widget-container\">\n\t\t\t\t\t\t\t\t\t<h5><strong><a href=\"https:\/\/www.instagram.com\/p\/Ck9ENXfLTgW\/?img_index=2\" target=\"_blank\" rel=\"noopener\">Ver el mural al m\u00e9rito de Nikko \u2192<\/a><\/strong><\/h5>\t\t\t\t\t\t\t\t<\/div>\n\t\t\t\t<\/div>\n\t\t\t\t<div class=\"elementor-element elementor-element-2bdcb66 elementor-widget elementor-widget-heading\" data-id=\"2bdcb66\" data-element_type=\"widget\" data-e-type=\"widget\" data-widget_type=\"heading.default\">\n\t\t\t\t<div class=\"elementor-widget-container\">\n\t\t\t\t\t<h2 class=\"elementor-heading-title elementor-size-default\">Dra.Jennifer Turner<\/h2>\t\t\t\t<\/div>\n\t\t\t\t<\/div>\n\t\t\t\t<div class=\"elementor-element elementor-element-a0034de elementor-widget elementor-widget-text-editor\" data-id=\"a0034de\" data-element_type=\"widget\" data-e-type=\"widget\" data-widget_type=\"text-editor.default\">\n\t\t\t\t<div class=\"elementor-widget-container\">\n\t\t\t\t\t\t\t\t\t<p><a href=\"https:\/\/www.drjenniferturner.com\/\" target=\"_blank\" rel=\"noopener\"><strong>Dra.Jennifer Turner<\/strong><\/a> es un experimentado ejecutivo de medios y educador de salud, y actualmente se desempe\u00f1a como vicepresidente ejecutivo de TriStar Television para Sony Pictures Television. En este rol, ayuda a defender voces diversas y aumentar la representaci\u00f3n en televisi\u00f3n. Jennifer tambi\u00e9n es una firme defensora de la salud y la educaci\u00f3n. Fund\u00f3 la marca de estilo de vida de entretenimiento educativo MAD COOL FITNESS, ense\u00f1a en la Escuela de Salud P\u00fablica de la Universidad de Rutgers como profesora adjunta y apoya la educaci\u00f3n musical a trav\u00e9s de su participaci\u00f3n en la Junta Directiva de Merit y la creaci\u00f3n de la <em>La beca de lecciones privadas Dr. Audrey M. Turner<\/em>.<\/p>\t\t\t\t\t\t\t\t<\/div>\n\t\t\t\t<\/div>\n\t\t\t\t<div class=\"elementor-element elementor-element-1547f15 elementor-widget elementor-widget-heading\" data-id=\"1547f15\" data-element_type=\"widget\" data-e-type=\"widget\" data-widget_type=\"heading.default\">\n\t\t\t\t<div class=\"elementor-widget-container\">\n\t\t\t\t\t<h2 class=\"elementor-heading-title elementor-size-default\">Julian Davis Reid y Nova Zaii<\/h2>\t\t\t\t<\/div>\n\t\t\t\t<\/div>\n\t\t\t\t<div class=\"elementor-element elementor-element-425e993 elementor-widget elementor-widget-text-editor\" data-id=\"425e993\" data-element_type=\"widget\" data-e-type=\"widget\" data-widget_type=\"text-editor.default\">\n\t\t\t\t<div class=\"elementor-widget-container\">\n\t\t\t\t\t\t\t\t\t<p>hermanos <strong><a href=\"https:\/\/www.juliandavisreid.com\/\" target=\"_blank\" rel=\"noopener\">Juli\u00e1n Davis Reid<\/a><\/strong> y <strong><a href=\"https:\/\/www.novazaii.com\/\" target=\"_blank\" rel=\"noopener\">Nova Zaii<\/a><\/strong> constituyen dos tercios de The JuJu Exchange, un conjunto de fusi\u00f3n de jazz y electr\u00f3nica con sede en Chicago apasionado por utilizar la m\u00fasica para inspirar el cambio social y el intercambio cultural. Fuera de The JuJu Exchange, Julian es te\u00f3logo, orador, escritor, pianista solista y miembro de Merit&#039;s. <a href=\"https:\/\/meritmusic.org\/es\/associate-board\/\"><strong>Junta Asociada<\/strong><\/a>. Nova es productor electr\u00f3nico, baterista e inventor de un instrumento sin contacto llamado Nova Portals.<\/p>\t\t\t\t\t\t\t\t<\/div>\n\t\t\t\t<\/div>\n\t\t\t\t<div class=\"elementor-element elementor-element-e7683a2 elementor-widget elementor-widget-text-editor\" data-id=\"e7683a2\" data-element_type=\"widget\" data-e-type=\"widget\" data-widget_type=\"text-editor.default\">\n\t\t\t\t<div class=\"elementor-widget-container\">\n\t\t\t\t\t\t\t\t\t<h5><strong><a href=\"https:\/\/meritmusic.org\/es\/juju-exchange-interview\/\">Siga leyendo: Una entrevista con The JuJu Exchange <\/a><\/strong><strong>\u2192<\/strong><\/h5>\t\t\t\t\t\t\t\t<\/div>\n\t\t\t\t<\/div>\n\t\t\t\t<div class=\"elementor-element elementor-element-bdffd10 elementor-widget elementor-widget-heading\" data-id=\"bdffd10\" data-element_type=\"widget\" data-e-type=\"widget\" data-widget_type=\"heading.default\">\n\t\t\t\t<div class=\"elementor-widget-container\">\n\t\t\t\t\t<h2 class=\"elementor-heading-title elementor-size-default\">Alexis Lombre<\/h2>\t\t\t\t<\/div>\n\t\t\t\t<\/div>\n\t\t\t\t<div class=\"elementor-element elementor-element-68ad71e elementor-widget elementor-widget-video\" data-id=\"68ad71e\" data-element_type=\"widget\" data-e-type=\"widget\" data-settings=\"{&quot;youtube_url&quot;:&quot;https:\\\/\\\/www.youtube.com\\\/watch?v=5pno1PGHNzE&quot;,&quot;video_type&quot;:&quot;youtube&quot;,&quot;controls&quot;:&quot;yes&quot;}\" data-widget_type=\"video.default\">\n\t\t\t\t<div class=\"elementor-widget-container\">\n\t\t\t\t\t\t\t<div class=\"elementor-wrapper elementor-open-inline\">\n\t\t\t<div class=\"elementor-video\"><\/div>\t\t<\/div>\n\t\t\t\t\t\t<\/div>\n\t\t\t\t<\/div>\n\t\t\t\t<div class=\"elementor-element elementor-element-9ce7178 elementor-widget elementor-widget-text-editor\" data-id=\"9ce7178\" data-element_type=\"widget\" data-e-type=\"widget\" data-widget_type=\"text-editor.default\">\n\t\t\t\t<div class=\"elementor-widget-container\">\n\t\t\t\t\t\t\t\t\t<p>Pianista, vocalista y compositor <strong><a href=\"https:\/\/www.instagram.com\/alexislombre\/\" target=\"_blank\" rel=\"noopener\">Alexis Lombre<\/a><\/strong> cautiva al p\u00fablico con sus conmovedoras actuaciones que combinan a la perfecci\u00f3n las tradiciones del jazz con influencias contempor\u00e1neas. Fue miembro inaugural de la <strong><a href=\"https:\/\/newmusicusa.org\/program\/next-jazz-legacy\/\" target=\"_blank\" rel=\"noopener\">Pr\u00f3ximo legado del jazz<\/a><\/strong> class, un programa nacional de aprendizaje de New Music USA y el Instituto Berklee de Jazz y Justicia de G\u00e9nero. Con una pasi\u00f3n profundamente arraigada por contar historias a trav\u00e9s de la m\u00fasica, el arte de Alexis trasciende fronteras y crea una experiencia musical inmersiva e inolvidable para los oyentes.<\/p>\t\t\t\t\t\t\t\t<\/div>\n\t\t\t\t<\/div>\n\t\t\t\t<div class=\"elementor-element elementor-element-a4f6fc0 elementor-widget elementor-widget-heading\" data-id=\"a4f6fc0\" data-element_type=\"widget\" data-e-type=\"widget\" data-widget_type=\"heading.default\">\n\t\t\t\t<div class=\"elementor-widget-container\">\n\t\t\t\t\t<h2 class=\"elementor-heading-title elementor-size-default\">Peter CottonCuento<\/h2>\t\t\t\t<\/div>\n\t\t\t\t<\/div>\n\t\t\t\t<div class=\"elementor-element elementor-element-67ad420 elementor-widget elementor-widget-text-editor\" data-id=\"67ad420\" data-element_type=\"widget\" data-e-type=\"widget\" data-widget_type=\"text-editor.default\">\n\t\t\t\t<div class=\"elementor-widget-container\">\n\t\t\t\t\t\t\t\t\t<p>M\u00fasico y productor ganador del Grammy, <a href=\"https:\/\/www.catchpeter.com\/\" target=\"_blank\" rel=\"noopener\"><strong>Peter CottonCuento<\/strong><\/a>, ha sido una figura destacada en la escena musical de Chicago durante m\u00e1s de una d\u00e9cada, contribuyendo al trabajo de artistas como Jamila Woods, SZA y Chance the Rapper. Desempe\u00f1\u00f3 un papel fundamental en la creaci\u00f3n del mixtape aclamado por la cr\u00edtica de Chance the Rapper, &quot;Coloring Book&quot;. Peter pretende inspirar la autoexpresi\u00f3n a trav\u00e9s de su m\u00fasica y la m\u00fasica que produce.<\/p>\t\t\t\t\t\t\t\t<\/div>\n\t\t\t\t<\/div>\n\t\t\t\t<div class=\"elementor-element elementor-element-f8b8cd9 elementor-widget elementor-widget-text-editor\" data-id=\"f8b8cd9\" data-element_type=\"widget\" data-e-type=\"widget\" data-widget_type=\"text-editor.default\">\n\t\t\t\t<div class=\"elementor-widget-container\">\n\t\t\t\t\t\t\t\t\t<h5><a href=\"https:\/\/meritmusic.org\/es\/peter-cottontale-performs-play-on\/\">Siga leyendo: Una entrevista con Peter CottonTale \u2192<\/a><\/h5>\t\t\t\t\t\t\t\t<\/div>\n\t\t\t\t<\/div>\n\t\t\t\t\t<\/div>\n\t\t<\/div>\n\t\t\t\t\t<\/div>\n\t\t<\/section>\n\t\t\t\t<section class=\"elementor-section elementor-top-section elementor-element elementor-element-7fb22f4 elementor-section-content-middle elementor-section-boxed elementor-section-height-default elementor-section-height-default\" data-id=\"7fb22f4\" data-element_type=\"section\" data-e-type=\"section\" data-settings=\"{&quot;background_background&quot;:&quot;classic&quot;,&quot;animation&quot;:&quot;none&quot;}\">\n\t\t\t\t\t\t<div class=\"elementor-container elementor-column-gap-no\">\n\t\t\t\t\t<div class=\"elementor-column elementor-col-100 elementor-top-column elementor-element elementor-element-2c2da8c\" data-id=\"2c2da8c\" data-element_type=\"column\" data-e-type=\"column\" data-settings=\"{&quot;background_background&quot;:&quot;classic&quot;}\">\n\t\t\t<div class=\"elementor-widget-wrap elementor-element-populated\">\n\t\t\t\t\t\t<div class=\"elementor-element elementor-element-baacdbd elementor-invisible elementor-widget elementor-widget-heading\" data-id=\"baacdbd\" data-element_type=\"widget\" data-e-type=\"widget\" data-settings=\"{&quot;_animation&quot;:&quot;fadeInRight&quot;}\" data-widget_type=\"heading.default\">\n\t\t\t\t<div class=\"elementor-widget-container\">\n\t\t\t\t\t<h4 class=\"elementor-heading-title elementor-size-default\">Agregue un poco de m\u00fasica a su bandeja de entrada<\/h4>\t\t\t\t<\/div>\n\t\t\t\t<\/div>\n\t\t\t\t<div class=\"elementor-element elementor-element-f99e2ad elementor-invisible elementor-widget elementor-widget-text-editor\" data-id=\"f99e2ad\" data-element_type=\"widget\" data-e-type=\"widget\" data-settings=\"{&quot;_animation&quot;:&quot;fadeInUp&quot;}\" data-widget_type=\"text-editor.default\">\n\t\t\t\t<div class=\"elementor-widget-container\">\n\t\t\t\t\t\t\t\t\t<p>\u00a1Reciba las \u00faltimas noticias de Merit para usted!<\/p>\t\t\t\t\t\t\t\t<\/div>\n\t\t\t\t<\/div>\n\t\t\t\t<div class=\"elementor-element elementor-element-4808981 elementor-widget elementor-widget-hubspot-form\" data-id=\"4808981\" data-element_type=\"widget\" data-e-type=\"widget\" data-widget_type=\"hubspot-form.default\">\n\t\t\t\t<div class=\"elementor-widget-container\">\n\t\t\t\t\t\n\t\t\t\t\t\t<script>\n\t\t\t\t\t\t\twindow.hsFormsOnReady = window.hsFormsOnReady || [];\n\t\t\t\t\t\t\twindow.hsFormsOnReady.push(()=>{\n\t\t\t\t\t\t\t\thbspt.forms.create({\n\t\t\t\t\t\t\t\t\tportalId: 20342631,\n\t\t\t\t\t\t\t\t\tformId: \"8b06d4f4-f9e4-4727-b71a-b34871883623\",\n\t\t\t\t\t\t\t\t\ttarget: \"#hbspt-form-1777662460000-3839973429\",\n\t\t\t\t\t\t\t\t\tregion: \"na1\",\n\t\t\t\t\t\t\t\t\t\n\t\t\t\t\t\t\t})});\n\t\t\t\t\t\t<\/script>\n\t\t\t\t\t\t<div class=\"hbspt-form\" id=\"hbspt-form-1777662460000-3839973429\"><\/div>\t\t\t\t<\/div>\n\t\t\t\t<\/div>\n\t\t\t\t\t<\/div>\n\t\t<\/div>\n\t\t\t\t\t<\/div>\n\t\t<\/section>\n\t\t\t\t<\/div>","protected":false},"excerpt":{"rendered":"<p>In honor of Black History Month, Merit School of Music is highlighting just a few of our notable Black alumni. These alums are transforming the world through their musical and [&hellip;]<\/p>\n","protected":false},"author":10,"featured_media":43540,"comment_status":"closed","ping_status":"closed","sticky":false,"template":"elementor_theme","format":"standard","meta":{"_acf_changed":false,"content-type":"","site-sidebar-layout":"default","site-content-layout":"","ast-site-content-layout":"default","site-content-style":"default","site-sidebar-style":"default","ast-global-header-display":"","ast-banner-title-visibility":"","ast-main-header-display":"","ast-hfb-above-header-display":"","ast-hfb-below-header-display":"","ast-hfb-mobile-header-display":"","site-post-title":"","ast-breadcrumbs-content":"","ast-featured-img":"","footer-sml-layout":"","ast-disable-related-posts":"","theme-transparent-header-meta":"","adv-header-id-meta":"","stick-header-meta":"","header-above-stick-meta":"","header-main-stick-meta":"","header-below-stick-meta":"","astra-migrate-meta-layouts":"set","ast-page-background-enabled":"default","ast-page-background-meta":{"desktop":{"background-color":"var(--ast-global-color-4)","background-image":"","background-repeat":"repeat","background-position":"center center","background-size":"auto","background-attachment":"scroll","background-type":"","background-media":"","overlay-type":"","overlay-color":"","overlay-opacity":"","overlay-gradient":""},"tablet":{"background-color":"","background-image":"","background-repeat":"repeat","background-position":"center center","background-size":"auto","background-attachment":"scroll","background-type":"","background-media":"","overlay-type":"","overlay-color":"","overlay-opacity":"","overlay-gradient":""},"mobile":{"background-color":"","background-image":"","background-repeat":"repeat","background-position":"center center","background-size":"auto","background-attachment":"scroll","background-type":"","background-media":"","overlay-type":"","overlay-color":"","overlay-opacity":"","overlay-gradient":""}},"ast-content-background-meta":{"desktop":{"background-color":"var(--ast-global-color-5)","background-image":"","background-repeat":"repeat","background-position":"center center","background-size":"auto","background-attachment":"scroll","background-type":"","background-media":"","overlay-type":"","overlay-color":"","overlay-opacity":"","overlay-gradient":""},"tablet":{"background-color":"var(--ast-global-color-5)","background-image":"","background-repeat":"repeat","background-position":"center center","background-size":"auto","background-attachment":"scroll","background-type":"","background-media":"","overlay-type":"","overlay-color":"","overlay-opacity":"","overlay-gradient":""},"mobile":{"background-color":"var(--ast-global-color-5)","background-image":"","background-repeat":"repeat","background-position":"center center","background-size":"auto","background-attachment":"scroll","background-type":"","background-media":"","overlay-type":"","overlay-color":"","overlay-opacity":"","overlay-gradient":""}},"_jetpack_memberships_contains_paid_content":false,"footnotes":""},"categories":[20],"tags":[],"post_folder":[],"class_list":["post-43439","post","type-post","status-publish","format-standard","has-post-thumbnail","hentry","category-stories"],"acf":[],"yoast_head":"<!-- This site is optimized with the Yoast SEO plugin v27.3 - https:\/\/yoast.com\/product\/yoast-seo-wordpress\/ -->\n<title>Black History Month Merit School of Music Alumni Spotlight<\/title>\n<meta name=\"description\" content=\"To celebrate Black History Month, Merit School of Music highlights just a few of our notable Black alumni.\" \/>\n<meta name=\"robots\" content=\"index, follow, max-snippet:-1, max-image-preview:large, max-video-preview:-1\" \/>\n<link rel=\"canonical\" href=\"https:\/\/meritmusic.org\/es\/black-history-month-alumni-spotlight\/\" \/>\n<meta property=\"og:locale\" content=\"es_MX\" \/>\n<meta property=\"og:type\" content=\"article\" \/>\n<meta property=\"og:title\" content=\"Black History Month Merit School of Music Alumni Spotlight\" \/>\n<meta property=\"og:description\" content=\"To celebrate Black History Month, Merit School of Music highlights just a few of our notable Black alumni.\" \/>\n<meta property=\"og:url\" content=\"https:\/\/meritmusic.org\/es\/black-history-month-alumni-spotlight\/\" \/>\n<meta property=\"og:site_name\" content=\"Merit School of Music\" \/>\n<meta property=\"article:published_time\" content=\"2024-02-22T00:54:04+00:00\" \/>\n<meta property=\"article:modified_time\" content=\"2024-02-23T21:57:16+00:00\" \/>\n<meta name=\"author\" content=\"Sam Doran\" \/>\n<meta name=\"twitter:card\" content=\"summary_large_image\" \/>\n<meta name=\"twitter:label1\" content=\"Escrito por\" \/>\n\t<meta name=\"twitter:data1\" content=\"Sam Doran\" \/>\n\t<meta name=\"twitter:label2\" content=\"Tiempo de lectura\" \/>\n\t<meta name=\"twitter:data2\" content=\"4 minutos\" \/>\n<script type=\"application\/ld+json\" class=\"yoast-schema-graph\">{\"@context\":\"https:\\\/\\\/schema.org\",\"@graph\":[{\"@type\":\"Article\",\"@id\":\"https:\\\/\\\/meritmusic.org\\\/black-history-month-alumni-spotlight\\\/#article\",\"isPartOf\":{\"@id\":\"https:\\\/\\\/meritmusic.org\\\/black-history-month-alumni-spotlight\\\/\"},\"author\":{\"name\":\"Sam Doran\",\"@id\":\"https:\\\/\\\/meritmusic.org\\\/#\\\/schema\\\/person\\\/aa6117fa87f1353a6f53048298a481dd\"},\"headline\":\"Black History Month Alumni Spotlight\",\"datePublished\":\"2024-02-22T00:54:04+00:00\",\"dateModified\":\"2024-02-23T21:57:16+00:00\",\"mainEntityOfPage\":{\"@id\":\"https:\\\/\\\/meritmusic.org\\\/black-history-month-alumni-spotlight\\\/\"},\"wordCount\":750,\"publisher\":{\"@id\":\"https:\\\/\\\/meritmusic.org\\\/#organization\"},\"image\":{\"@id\":\"https:\\\/\\\/meritmusic.org\\\/black-history-month-alumni-spotlight\\\/#primaryimage\"},\"thumbnailUrl\":\"https:\\\/\\\/i0.wp.com\\\/meritmusic.org\\\/wp-content\\\/uploads\\\/2024\\\/02\\\/Black-history-month-alum-spotlight.jpg?fit=1024%2C782&ssl=1\",\"articleSection\":[\"Stories\"],\"inLanguage\":\"es\"},{\"@type\":\"WebPage\",\"@id\":\"https:\\\/\\\/meritmusic.org\\\/black-history-month-alumni-spotlight\\\/\",\"url\":\"https:\\\/\\\/meritmusic.org\\\/black-history-month-alumni-spotlight\\\/\",\"name\":\"Black History Month Merit School of Music Alumni Spotlight\",\"isPartOf\":{\"@id\":\"https:\\\/\\\/meritmusic.org\\\/#website\"},\"primaryImageOfPage\":{\"@id\":\"https:\\\/\\\/meritmusic.org\\\/black-history-month-alumni-spotlight\\\/#primaryimage\"},\"image\":{\"@id\":\"https:\\\/\\\/meritmusic.org\\\/black-history-month-alumni-spotlight\\\/#primaryimage\"},\"thumbnailUrl\":\"https:\\\/\\\/i0.wp.com\\\/meritmusic.org\\\/wp-content\\\/uploads\\\/2024\\\/02\\\/Black-history-month-alum-spotlight.jpg?fit=1024%2C782&ssl=1\",\"datePublished\":\"2024-02-22T00:54:04+00:00\",\"dateModified\":\"2024-02-23T21:57:16+00:00\",\"description\":\"To celebrate Black History Month, Merit School of Music highlights just a few of our notable Black alumni.\",\"breadcrumb\":{\"@id\":\"https:\\\/\\\/meritmusic.org\\\/black-history-month-alumni-spotlight\\\/#breadcrumb\"},\"inLanguage\":\"es\",\"potentialAction\":[{\"@type\":\"ReadAction\",\"target\":[\"https:\\\/\\\/meritmusic.org\\\/black-history-month-alumni-spotlight\\\/\"]}]},{\"@type\":\"ImageObject\",\"inLanguage\":\"es\",\"@id\":\"https:\\\/\\\/meritmusic.org\\\/black-history-month-alumni-spotlight\\\/#primaryimage\",\"url\":\"https:\\\/\\\/i0.wp.com\\\/meritmusic.org\\\/wp-content\\\/uploads\\\/2024\\\/02\\\/Black-history-month-alum-spotlight.jpg?fit=1024%2C782&ssl=1\",\"contentUrl\":\"https:\\\/\\\/i0.wp.com\\\/meritmusic.org\\\/wp-content\\\/uploads\\\/2024\\\/02\\\/Black-history-month-alum-spotlight.jpg?fit=1024%2C782&ssl=1\",\"width\":1024,\"height\":782,\"caption\":\"A collage of three Merit alumni: Jennifer Montague, Nova Zaii, and Dr. Derrick Gay.\"},{\"@type\":\"BreadcrumbList\",\"@id\":\"https:\\\/\\\/meritmusic.org\\\/black-history-month-alumni-spotlight\\\/#breadcrumb\",\"itemListElement\":[{\"@type\":\"ListItem\",\"position\":1,\"name\":\"Home\",\"item\":\"https:\\\/\\\/meritmusic.org\\\/\"},{\"@type\":\"ListItem\",\"position\":2,\"name\":\"Black History Month Alumni Spotlight\"}]},{\"@type\":\"WebSite\",\"@id\":\"https:\\\/\\\/meritmusic.org\\\/#website\",\"url\":\"https:\\\/\\\/meritmusic.org\\\/\",\"name\":\"Merit School of Music\",\"description\":\"Merit School of Music is a nationally accredited music school located in Chicago, removing barriers to high-quality music education.\",\"publisher\":{\"@id\":\"https:\\\/\\\/meritmusic.org\\\/#organization\"},\"potentialAction\":[{\"@type\":\"SearchAction\",\"target\":{\"@type\":\"EntryPoint\",\"urlTemplate\":\"https:\\\/\\\/meritmusic.org\\\/?s={search_term_string}\"},\"query-input\":{\"@type\":\"PropertyValueSpecification\",\"valueRequired\":true,\"valueName\":\"search_term_string\"}}],\"inLanguage\":\"es\"},{\"@type\":\"Organization\",\"@id\":\"https:\\\/\\\/meritmusic.org\\\/#organization\",\"name\":\"Merit School of Music\",\"url\":\"https:\\\/\\\/meritmusic.org\\\/\",\"logo\":{\"@type\":\"ImageObject\",\"inLanguage\":\"es\",\"@id\":\"https:\\\/\\\/meritmusic.org\\\/#\\\/schema\\\/logo\\\/image\\\/\",\"url\":\"https:\\\/\\\/i0.wp.com\\\/meritmusic.org\\\/wp-content\\\/uploads\\\/2022\\\/09\\\/Merit_logo.png?fit=195%2C90&ssl=1\",\"contentUrl\":\"https:\\\/\\\/i0.wp.com\\\/meritmusic.org\\\/wp-content\\\/uploads\\\/2022\\\/09\\\/Merit_logo.png?fit=195%2C90&ssl=1\",\"width\":195,\"height\":90,\"caption\":\"Merit School of Music\"},\"image\":{\"@id\":\"https:\\\/\\\/meritmusic.org\\\/#\\\/schema\\\/logo\\\/image\\\/\"}},{\"@type\":\"Person\",\"@id\":\"https:\\\/\\\/meritmusic.org\\\/#\\\/schema\\\/person\\\/aa6117fa87f1353a6f53048298a481dd\",\"name\":\"Sam Doran\",\"image\":{\"@type\":\"ImageObject\",\"inLanguage\":\"es\",\"@id\":\"https:\\\/\\\/secure.gravatar.com\\\/avatar\\\/423081efeb6ee2a00ad097b737c1f20796bca43c3a586a602c683bd7175bf5b5?s=96&d=mm&r=g\",\"url\":\"https:\\\/\\\/secure.gravatar.com\\\/avatar\\\/423081efeb6ee2a00ad097b737c1f20796bca43c3a586a602c683bd7175bf5b5?s=96&d=mm&r=g\",\"contentUrl\":\"https:\\\/\\\/secure.gravatar.com\\\/avatar\\\/423081efeb6ee2a00ad097b737c1f20796bca43c3a586a602c683bd7175bf5b5?s=96&d=mm&r=g\",\"caption\":\"Sam Doran\"},\"sameAs\":[\"https:\\\/\\\/meritmusic.org\\\/\"],\"url\":\"https:\\\/\\\/meritmusic.org\\\/es\\\/author\\\/sdoran\\\/\"}]}<\/script>\n<!-- \/ Yoast SEO plugin. -->","yoast_head_json":{"title":"Black History Month Merit School of Music Alumni Spotlight","description":"To celebrate Black History Month, Merit School of Music highlights just a few of our notable Black alumni.","robots":{"index":"index","follow":"follow","max-snippet":"max-snippet:-1","max-image-preview":"max-image-preview:large","max-video-preview":"max-video-preview:-1"},"canonical":"https:\/\/meritmusic.org\/es\/black-history-month-alumni-spotlight\/","og_locale":"es_MX","og_type":"article","og_title":"Black History Month Merit School of Music Alumni Spotlight","og_description":"To celebrate Black History Month, Merit School of Music highlights just a few of our notable Black alumni.","og_url":"https:\/\/meritmusic.org\/es\/black-history-month-alumni-spotlight\/","og_site_name":"Merit School of Music","article_published_time":"2024-02-22T00:54:04+00:00","article_modified_time":"2024-02-23T21:57:16+00:00","author":"Sam Doran","twitter_card":"summary_large_image","twitter_misc":{"Escrito por":"Sam Doran","Tiempo de lectura":"4 minutos"},"schema":{"@context":"https:\/\/schema.org","@graph":[{"@type":"Article","@id":"https:\/\/meritmusic.org\/black-history-month-alumni-spotlight\/#article","isPartOf":{"@id":"https:\/\/meritmusic.org\/black-history-month-alumni-spotlight\/"},"author":{"name":"Sam Doran","@id":"https:\/\/meritmusic.org\/#\/schema\/person\/aa6117fa87f1353a6f53048298a481dd"},"headline":"Black History Month Alumni Spotlight","datePublished":"2024-02-22T00:54:04+00:00","dateModified":"2024-02-23T21:57:16+00:00","mainEntityOfPage":{"@id":"https:\/\/meritmusic.org\/black-history-month-alumni-spotlight\/"},"wordCount":750,"publisher":{"@id":"https:\/\/meritmusic.org\/#organization"},"image":{"@id":"https:\/\/meritmusic.org\/black-history-month-alumni-spotlight\/#primaryimage"},"thumbnailUrl":"https:\/\/i0.wp.com\/meritmusic.org\/wp-content\/uploads\/2024\/02\/Black-history-month-alum-spotlight.jpg?fit=1024%2C782&ssl=1","articleSection":["Stories"],"inLanguage":"es"},{"@type":"WebPage","@id":"https:\/\/meritmusic.org\/black-history-month-alumni-spotlight\/","url":"https:\/\/meritmusic.org\/black-history-month-alumni-spotlight\/","name":"Black History Month Merit School of Music Alumni Spotlight","isPartOf":{"@id":"https:\/\/meritmusic.org\/#website"},"primaryImageOfPage":{"@id":"https:\/\/meritmusic.org\/black-history-month-alumni-spotlight\/#primaryimage"},"image":{"@id":"https:\/\/meritmusic.org\/black-history-month-alumni-spotlight\/#primaryimage"},"thumbnailUrl":"https:\/\/i0.wp.com\/meritmusic.org\/wp-content\/uploads\/2024\/02\/Black-history-month-alum-spotlight.jpg?fit=1024%2C782&ssl=1","datePublished":"2024-02-22T00:54:04+00:00","dateModified":"2024-02-23T21:57:16+00:00","description":"To celebrate Black History Month, Merit School of Music highlights just a few of our notable Black alumni.","breadcrumb":{"@id":"https:\/\/meritmusic.org\/black-history-month-alumni-spotlight\/#breadcrumb"},"inLanguage":"es","potentialAction":[{"@type":"ReadAction","target":["https:\/\/meritmusic.org\/black-history-month-alumni-spotlight\/"]}]},{"@type":"ImageObject","inLanguage":"es","@id":"https:\/\/meritmusic.org\/black-history-month-alumni-spotlight\/#primaryimage","url":"https:\/\/i0.wp.com\/meritmusic.org\/wp-content\/uploads\/2024\/02\/Black-history-month-alum-spotlight.jpg?fit=1024%2C782&ssl=1","contentUrl":"https:\/\/i0.wp.com\/meritmusic.org\/wp-content\/uploads\/2024\/02\/Black-history-month-alum-spotlight.jpg?fit=1024%2C782&ssl=1","width":1024,"height":782,"caption":"A collage of three Merit alumni: Jennifer Montague, Nova Zaii, and Dr. Derrick Gay."},{"@type":"BreadcrumbList","@id":"https:\/\/meritmusic.org\/black-history-month-alumni-spotlight\/#breadcrumb","itemListElement":[{"@type":"ListItem","position":1,"name":"Home","item":"https:\/\/meritmusic.org\/"},{"@type":"ListItem","position":2,"name":"Black History Month Alumni Spotlight"}]},{"@type":"WebSite","@id":"https:\/\/meritmusic.org\/#website","url":"https:\/\/meritmusic.org\/","name":"Escuela de M\u00fasica al M\u00e9rito","description":"Merit School of Music es una escuela de m\u00fasica acreditada a nivel nacional ubicada en Chicago, que elimina las barreras a la educaci\u00f3n musical de alta calidad.","publisher":{"@id":"https:\/\/meritmusic.org\/#organization"},"potentialAction":[{"@type":"SearchAction","target":{"@type":"EntryPoint","urlTemplate":"https:\/\/meritmusic.org\/?s={search_term_string}"},"query-input":{"@type":"PropertyValueSpecification","valueRequired":true,"valueName":"search_term_string"}}],"inLanguage":"es"},{"@type":"Organization","@id":"https:\/\/meritmusic.org\/#organization","name":"Escuela de M\u00fasica al M\u00e9rito","url":"https:\/\/meritmusic.org\/","logo":{"@type":"ImageObject","inLanguage":"es","@id":"https:\/\/meritmusic.org\/#\/schema\/logo\/image\/","url":"https:\/\/i0.wp.com\/meritmusic.org\/wp-content\/uploads\/2022\/09\/Merit_logo.png?fit=195%2C90&ssl=1","contentUrl":"https:\/\/i0.wp.com\/meritmusic.org\/wp-content\/uploads\/2022\/09\/Merit_logo.png?fit=195%2C90&ssl=1","width":195,"height":90,"caption":"Merit School of Music"},"image":{"@id":"https:\/\/meritmusic.org\/#\/schema\/logo\/image\/"}},{"@type":"Person","@id":"https:\/\/meritmusic.org\/#\/schema\/person\/aa6117fa87f1353a6f53048298a481dd","name":"sam doran","image":{"@type":"ImageObject","inLanguage":"es","@id":"https:\/\/secure.gravatar.com\/avatar\/423081efeb6ee2a00ad097b737c1f20796bca43c3a586a602c683bd7175bf5b5?s=96&d=mm&r=g","url":"https:\/\/secure.gravatar.com\/avatar\/423081efeb6ee2a00ad097b737c1f20796bca43c3a586a602c683bd7175bf5b5?s=96&d=mm&r=g","contentUrl":"https:\/\/secure.gravatar.com\/avatar\/423081efeb6ee2a00ad097b737c1f20796bca43c3a586a602c683bd7175bf5b5?s=96&d=mm&r=g","caption":"Sam Doran"},"sameAs":["https:\/\/meritmusic.org\/"],"url":"https:\/\/meritmusic.org\/es\/author\/sdoran\/"}]}},"jetpack_featured_media_url":"https:\/\/i0.wp.com\/meritmusic.org\/wp-content\/uploads\/2024\/02\/Black-history-month-alum-spotlight.jpg?fit=1024%2C782&ssl=1","jetpack_sharing_enabled":true,"_links":{"self":[{"href":"https:\/\/meritmusic.org\/es\/wp-json\/wp\/v2\/posts\/43439","targetHints":{"allow":["GET"]}}],"collection":[{"href":"https:\/\/meritmusic.org\/es\/wp-json\/wp\/v2\/posts"}],"about":[{"href":"https:\/\/meritmusic.org\/es\/wp-json\/wp\/v2\/types\/post"}],"author":[{"embeddable":true,"href":"https:\/\/meritmusic.org\/es\/wp-json\/wp\/v2\/users\/10"}],"replies":[{"embeddable":true,"href":"https:\/\/meritmusic.org\/es\/wp-json\/wp\/v2\/comments?post=43439"}],"version-history":[{"count":0,"href":"https:\/\/meritmusic.org\/es\/wp-json\/wp\/v2\/posts\/43439\/revisions"}],"wp:featuredmedia":[{"embeddable":true,"href":"https:\/\/meritmusic.org\/es\/wp-json\/wp\/v2\/media\/43540"}],"wp:attachment":[{"href":"https:\/\/meritmusic.org\/es\/wp-json\/wp\/v2\/media?parent=43439"}],"wp:term":[{"taxonomy":"category","embeddable":true,"href":"https:\/\/meritmusic.org\/es\/wp-json\/wp\/v2\/categories?post=43439"},{"taxonomy":"post_tag","embeddable":true,"href":"https:\/\/meritmusic.org\/es\/wp-json\/wp\/v2\/tags?post=43439"},{"taxonomy":"post_folder","embeddable":true,"href":"https:\/\/meritmusic.org\/es\/wp-json\/wp\/v2\/post_folder?post=43439"}],"curies":[{"name":"gracias","href":"https:\/\/api.w.org\/{rel}","templated":true}]}}