{"id":24503,"date":"2020-11-17T13:52:27","date_gmt":"2020-11-17T19:52:27","guid":{"rendered":"https:\/\/merit3.wpengine.com\/?p=24503"},"modified":"2024-03-25T14:25:48","modified_gmt":"2024-03-25T19:25:48","slug":"fhsr-deaf-hearing-music-education","status":"publish","type":"post","link":"https:\/\/meritmusic.org\/es\/fhsr-deaf-hearing-music-education\/","title":{"rendered":"Una conversaci\u00f3n con la Fundaci\u00f3n para la Rehabilitaci\u00f3n Auditiva y del Habla y Sally Blandon de Merit"},"content":{"rendered":"<div data-elementor-type=\"wp-post\" data-elementor-id=\"24503\" class=\"elementor elementor-24503\" data-elementor-post-type=\"post\">\n\t\t\t\t\t\t<section class=\"elementor-section elementor-top-section elementor-element elementor-element-41591763 elementor-section-boxed elementor-section-height-default elementor-section-height-default\" data-id=\"41591763\" data-element_type=\"section\" data-e-type=\"section\">\n\t\t\t\t\t\t<div class=\"elementor-container elementor-column-gap-default\">\n\t\t\t\t\t<div class=\"elementor-column elementor-col-100 elementor-top-column elementor-element elementor-element-59f4db4c\" data-id=\"59f4db4c\" data-element_type=\"column\" data-e-type=\"column\">\n\t\t\t<div class=\"elementor-widget-wrap elementor-element-populated\">\n\t\t\t\t\t\t<div class=\"elementor-element elementor-element-28bbe320 elementor-widget elementor-widget-text-editor\" data-id=\"28bbe320\" data-element_type=\"widget\" data-e-type=\"widget\" data-widget_type=\"text-editor.default\">\n\t\t\t\t<div class=\"elementor-widget-container\">\n\t\t\t\t\t\t\t\t\t<p>Merit School of Music es un socio orgulloso de <strong><a href=\"https:\/\/www.fhsr.org\/programming\/music-programming\/music-to-my-ears-mtme\/\" target=\"_blank\" rel=\"noopener noreferrer\">El programa Music to My Ears de la Fundaci\u00f3n para la Rehabilitaci\u00f3n Auditiva y del Habla (FHSR)<\/a><\/strong>.<\/p><p>Lanzado en 2019, el programa Music to My Ears involucra a ni\u00f1os sordos o con problemas de audici\u00f3n a trav\u00e9s de clases de m\u00fasica, brindando un a\u00f1o de clases de m\u00fasica gratuitas para ni\u00f1os de hasta cuatro a\u00f1os de edad. FHSR y Merit ampliaron el programa en 2020 para incluir un programa escolar en el que trabajamos juntos para proporcionar el plan de estudios de m\u00fasica en <a href=\"https:\/\/childsvoice.org\/\" target=\"_blank\" rel=\"noopener noreferrer\"><strong>La voz del ni\u00f1o<\/strong>\u00a0<\/a>y programaci\u00f3n de m\u00fasica despu\u00e9s de la escuela sin costo de matr\u00edcula en <strong><a href=\"https:\/\/www.childrenofpeacechicago.org\/deaf-hard-of-hearing-program\" target=\"_blank\" rel=\"noopener noreferrer\">Children of Peace\/ Trinity School for the Deaf<\/a><\/strong>.<\/p><p>FHSR recientemente se sent\u00f3 con Merit School of Music&#039;s <a href=\"https:\/\/meritmusic.org\/es\/bios\/sally-blandon\/\"><strong>Sally Bland\u00f3n<\/strong>, <\/a>Gerente del programa de m\u00fasica general y de la primera infancia y maestro principal y coordinador del programa para los programas escolares de Music to My Ears.<\/p><h3><em><a href=\"https:\/\/www.fhsr.org\/interview-with-music-to-my-ears-program-coordinator-sally-blandon\" target=\"_blank\" rel=\"noopener noreferrer\">&gt; \u00a1Lea la conversaci\u00f3n completa entre Sally y FHSR!<\/a><\/em><\/h3>\t\t\t\t\t\t\t\t<\/div>\n\t\t\t\t<\/div>\n\t\t\t\t\t<\/div>\n\t\t<\/div>\n\t\t\t\t\t<\/div>\n\t\t<\/section>\n\t\t\t\t<section class=\"elementor-section elementor-top-section elementor-element elementor-element-68fcc0b7 elementor-section-content-middle elementor-section-boxed elementor-section-height-default elementor-section-height-default\" data-id=\"68fcc0b7\" data-element_type=\"section\" data-e-type=\"section\" data-settings=\"{&quot;background_background&quot;:&quot;classic&quot;,&quot;animation&quot;:&quot;none&quot;}\">\n\t\t\t\t\t\t<div class=\"elementor-container elementor-column-gap-no\">\n\t\t\t\t\t<div class=\"elementor-column elementor-col-100 elementor-top-column elementor-element elementor-element-59376eaa\" data-id=\"59376eaa\" data-element_type=\"column\" data-e-type=\"column\" data-settings=\"{&quot;background_background&quot;:&quot;classic&quot;}\">\n\t\t\t<div class=\"elementor-widget-wrap elementor-element-populated\">\n\t\t\t\t\t\t<div class=\"elementor-element elementor-element-26ee879a elementor-invisible elementor-widget elementor-widget-heading\" data-id=\"26ee879a\" data-element_type=\"widget\" data-e-type=\"widget\" data-settings=\"{&quot;_animation&quot;:&quot;fadeInRight&quot;}\" data-widget_type=\"heading.default\">\n\t\t\t\t<div class=\"elementor-widget-container\">\n\t\t\t\t\t<h4 class=\"elementor-heading-title elementor-size-default\">\u00a1Empieza a hacer m\u00fasica hoy!<\/h4>\t\t\t\t<\/div>\n\t\t\t\t<\/div>\n\t\t\t\t<div class=\"elementor-element elementor-element-619b73d3 elementor-align-center elementor-widget elementor-widget-button\" data-id=\"619b73d3\" data-element_type=\"widget\" data-e-type=\"widget\" data-widget_type=\"button.default\">\n\t\t\t\t<div class=\"elementor-widget-container\">\n\t\t\t\t\t\t\t\t\t<div class=\"elementor-button-wrapper\">\n\t\t\t\t\t<a class=\"elementor-button elementor-button-link elementor-size-sm elementor-animation-grow\" href=\"https:\/\/meritmusic.org\/es\/music-classes-lessons\/\">\n\t\t\t\t\t\t<span class=\"elementor-button-content-wrapper\">\n\t\t\t\t\t\t\t\t\t<span class=\"elementor-button-text\">Obtenga m\u00e1s informaci\u00f3n sobre clases y lecciones<\/span>\n\t\t\t\t\t<\/span>\n\t\t\t\t\t<\/a>\n\t\t\t\t<\/div>\n\t\t\t\t\t\t\t\t<\/div>\n\t\t\t\t<\/div>\n\t\t\t\t<div class=\"elementor-element elementor-element-4bda1f35 elementor-widget elementor-widget-text-editor\" data-id=\"4bda1f35\" data-element_type=\"widget\" data-e-type=\"widget\" data-widget_type=\"text-editor.default\">\n\t\t\t\t<div class=\"elementor-widget-container\">\n\t\t\t\t\t\t\t\t\t<p><a href=\"mailto:studentservices@meritmusic.org\">\u00bfNecesita ayuda para elegir la opci\u00f3n adecuada para su hijo? \u00a1Estamos aqu\u00ed para ayudar! Haga clic aqu\u00ed para contactarnos \u2192<\/a><\/p>\t\t\t\t\t\t\t\t<\/div>\n\t\t\t\t<\/div>\n\t\t\t\t\t<\/div>\n\t\t<\/div>\n\t\t\t\t\t<\/div>\n\t\t<\/section>\n\t\t\t\t<\/div>","protected":false},"excerpt":{"rendered":"<p>Merit School of Music is a proud partner of The Foundation for Hearing and Speech Rehabilitation&#8217;s (FHSR) Music to My Ears program. Launched in 2019, the Music to My Ears [&hellip;]<\/p>\n","protected":false},"author":12,"featured_media":31487,"comment_status":"closed","ping_status":"open","sticky":false,"template":"elementor_theme","format":"standard","meta":{"_acf_changed":false,"content-type":"","site-sidebar-layout":"default","site-content-layout":"","ast-site-content-layout":"default","site-content-style":"default","site-sidebar-style":"default","ast-global-header-display":"","ast-banner-title-visibility":"","ast-main-header-display":"","ast-hfb-above-header-display":"","ast-hfb-below-header-display":"","ast-hfb-mobile-header-display":"","site-post-title":"","ast-breadcrumbs-content":"","ast-featured-img":"","footer-sml-layout":"","ast-disable-related-posts":"","theme-transparent-header-meta":"","adv-header-id-meta":"","stick-header-meta":"","header-above-stick-meta":"","header-main-stick-meta":"","header-below-stick-meta":"","astra-migrate-meta-layouts":"set","ast-page-background-enabled":"default","ast-page-background-meta":{"desktop":{"background-color":"var(--ast-global-color-4)","background-image":"","background-repeat":"repeat","background-position":"center center","background-size":"auto","background-attachment":"scroll","background-type":"","background-media":"","overlay-type":"","overlay-color":"","overlay-opacity":"","overlay-gradient":""},"tablet":{"background-color":"","background-image":"","background-repeat":"repeat","background-position":"center center","background-size":"auto","background-attachment":"scroll","background-type":"","background-media":"","overlay-type":"","overlay-color":"","overlay-opacity":"","overlay-gradient":""},"mobile":{"background-color":"","background-image":"","background-repeat":"repeat","background-position":"center center","background-size":"auto","background-attachment":"scroll","background-type":"","background-media":"","overlay-type":"","overlay-color":"","overlay-opacity":"","overlay-gradient":""}},"ast-content-background-meta":{"desktop":{"background-color":"var(--ast-global-color-5)","background-image":"","background-repeat":"repeat","background-position":"center center","background-size":"auto","background-attachment":"scroll","background-type":"","background-media":"","overlay-type":"","overlay-color":"","overlay-opacity":"","overlay-gradient":""},"tablet":{"background-color":"var(--ast-global-color-5)","background-image":"","background-repeat":"repeat","background-position":"center center","background-size":"auto","background-attachment":"scroll","background-type":"","background-media":"","overlay-type":"","overlay-color":"","overlay-opacity":"","overlay-gradient":""},"mobile":{"background-color":"var(--ast-global-color-5)","background-image":"","background-repeat":"repeat","background-position":"center center","background-size":"auto","background-attachment":"scroll","background-type":"","background-media":"","overlay-type":"","overlay-color":"","overlay-opacity":"","overlay-gradient":""}},"_jetpack_memberships_contains_paid_content":false,"footnotes":""},"categories":[20],"tags":[],"post_folder":[],"class_list":["post-24503","post","type-post","status-publish","format-standard","has-post-thumbnail","hentry","category-stories"],"acf":[],"yoast_head":"<!-- This site is optimized with the Yoast SEO plugin v27.3 - https:\/\/yoast.com\/product\/yoast-seo-wordpress\/ -->\n<title>A Conversation with The Foundation for Hearing &amp; Speech Rehabilitation and Merit&#039;s Sally Blandon - Merit School of Music<\/title>\n<meta name=\"robots\" content=\"index, follow, max-snippet:-1, max-image-preview:large, max-video-preview:-1\" \/>\n<link rel=\"canonical\" href=\"https:\/\/meritmusic.org\/es\/fhsr-deaf-hearing-music-education\/\" \/>\n<meta property=\"og:locale\" content=\"es_MX\" \/>\n<meta property=\"og:type\" content=\"article\" \/>\n<meta property=\"og:title\" content=\"A Conversation with The Foundation for Hearing &amp; Speech Rehabilitation and Merit&#039;s Sally Blandon - Merit School of Music\" \/>\n<meta property=\"og:description\" content=\"Merit School of Music is a proud partner of The Foundation for Hearing and Speech Rehabilitation&#8217;s (FHSR) Music to My Ears program. Launched in 2019, the Music to My Ears [&hellip;]\" \/>\n<meta property=\"og:url\" content=\"https:\/\/meritmusic.org\/es\/fhsr-deaf-hearing-music-education\/\" \/>\n<meta property=\"og:site_name\" content=\"Merit School of Music\" \/>\n<meta property=\"article:published_time\" content=\"2020-11-17T19:52:27+00:00\" \/>\n<meta property=\"article:modified_time\" content=\"2024-03-25T19:25:48+00:00\" \/>\n<meta property=\"og:image\" content=\"https:\/\/meritmusic.org\/wp-content\/uploads\/2023\/02\/mesh-gradient-151.jpg\" \/>\n\t<meta property=\"og:image:width\" content=\"2000\" \/>\n\t<meta property=\"og:image:height\" content=\"2000\" \/>\n\t<meta property=\"og:image:type\" content=\"image\/jpeg\" \/>\n<meta name=\"author\" content=\"marketing@meritmusic.org\" \/>\n<meta name=\"twitter:card\" content=\"summary_large_image\" \/>\n<meta name=\"twitter:label1\" content=\"Escrito por\" \/>\n\t<meta name=\"twitter:data1\" content=\"marketing@meritmusic.org\" \/>\n\t<meta name=\"twitter:label2\" content=\"Tiempo de lectura\" \/>\n\t<meta name=\"twitter:data2\" content=\"1 minuto\" \/>\n<script type=\"application\/ld+json\" class=\"yoast-schema-graph\">{\"@context\":\"https:\\\/\\\/schema.org\",\"@graph\":[{\"@type\":\"Article\",\"@id\":\"https:\\\/\\\/meritmusic.org\\\/fhsr-deaf-hearing-music-education\\\/#article\",\"isPartOf\":{\"@id\":\"https:\\\/\\\/meritmusic.org\\\/fhsr-deaf-hearing-music-education\\\/\"},\"author\":{\"name\":\"marketing@meritmusic.org\",\"@id\":\"https:\\\/\\\/meritmusic.org\\\/#\\\/schema\\\/person\\\/b2ba4a8afed782375e438a06f7e46d96\"},\"headline\":\"A Conversation with The Foundation for Hearing &#038; Speech Rehabilitation and Merit&#8217;s Sally Blandon\",\"datePublished\":\"2020-11-17T19:52:27+00:00\",\"dateModified\":\"2024-03-25T19:25:48+00:00\",\"mainEntityOfPage\":{\"@id\":\"https:\\\/\\\/meritmusic.org\\\/fhsr-deaf-hearing-music-education\\\/\"},\"wordCount\":178,\"publisher\":{\"@id\":\"https:\\\/\\\/meritmusic.org\\\/#organization\"},\"image\":{\"@id\":\"https:\\\/\\\/meritmusic.org\\\/fhsr-deaf-hearing-music-education\\\/#primaryimage\"},\"thumbnailUrl\":\"https:\\\/\\\/i0.wp.com\\\/meritmusic.org\\\/wp-content\\\/uploads\\\/2023\\\/02\\\/mesh-gradient-151.jpg?fit=2000%2C2000&ssl=1\",\"articleSection\":[\"Stories\"],\"inLanguage\":\"es\"},{\"@type\":\"WebPage\",\"@id\":\"https:\\\/\\\/meritmusic.org\\\/fhsr-deaf-hearing-music-education\\\/\",\"url\":\"https:\\\/\\\/meritmusic.org\\\/fhsr-deaf-hearing-music-education\\\/\",\"name\":\"A Conversation with The Foundation for Hearing & Speech Rehabilitation and Merit's Sally Blandon - Merit School of Music\",\"isPartOf\":{\"@id\":\"https:\\\/\\\/meritmusic.org\\\/#website\"},\"primaryImageOfPage\":{\"@id\":\"https:\\\/\\\/meritmusic.org\\\/fhsr-deaf-hearing-music-education\\\/#primaryimage\"},\"image\":{\"@id\":\"https:\\\/\\\/meritmusic.org\\\/fhsr-deaf-hearing-music-education\\\/#primaryimage\"},\"thumbnailUrl\":\"https:\\\/\\\/i0.wp.com\\\/meritmusic.org\\\/wp-content\\\/uploads\\\/2023\\\/02\\\/mesh-gradient-151.jpg?fit=2000%2C2000&ssl=1\",\"datePublished\":\"2020-11-17T19:52:27+00:00\",\"dateModified\":\"2024-03-25T19:25:48+00:00\",\"breadcrumb\":{\"@id\":\"https:\\\/\\\/meritmusic.org\\\/fhsr-deaf-hearing-music-education\\\/#breadcrumb\"},\"inLanguage\":\"es\",\"potentialAction\":[{\"@type\":\"ReadAction\",\"target\":[\"https:\\\/\\\/meritmusic.org\\\/fhsr-deaf-hearing-music-education\\\/\"]}]},{\"@type\":\"ImageObject\",\"inLanguage\":\"es\",\"@id\":\"https:\\\/\\\/meritmusic.org\\\/fhsr-deaf-hearing-music-education\\\/#primaryimage\",\"url\":\"https:\\\/\\\/i0.wp.com\\\/meritmusic.org\\\/wp-content\\\/uploads\\\/2023\\\/02\\\/mesh-gradient-151.jpg?fit=2000%2C2000&ssl=1\",\"contentUrl\":\"https:\\\/\\\/i0.wp.com\\\/meritmusic.org\\\/wp-content\\\/uploads\\\/2023\\\/02\\\/mesh-gradient-151.jpg?fit=2000%2C2000&ssl=1\",\"width\":2000,\"height\":2000},{\"@type\":\"BreadcrumbList\",\"@id\":\"https:\\\/\\\/meritmusic.org\\\/fhsr-deaf-hearing-music-education\\\/#breadcrumb\",\"itemListElement\":[{\"@type\":\"ListItem\",\"position\":1,\"name\":\"Home\",\"item\":\"https:\\\/\\\/meritmusic.org\\\/\"},{\"@type\":\"ListItem\",\"position\":2,\"name\":\"A Conversation with The Foundation for Hearing &#038; Speech Rehabilitation and Merit&#8217;s Sally Blandon\"}]},{\"@type\":\"WebSite\",\"@id\":\"https:\\\/\\\/meritmusic.org\\\/#website\",\"url\":\"https:\\\/\\\/meritmusic.org\\\/\",\"name\":\"Merit School of Music\",\"description\":\"Merit School of Music is a nationally accredited music school located in Chicago, removing barriers to high-quality music education.\",\"publisher\":{\"@id\":\"https:\\\/\\\/meritmusic.org\\\/#organization\"},\"potentialAction\":[{\"@type\":\"SearchAction\",\"target\":{\"@type\":\"EntryPoint\",\"urlTemplate\":\"https:\\\/\\\/meritmusic.org\\\/?s={search_term_string}\"},\"query-input\":{\"@type\":\"PropertyValueSpecification\",\"valueRequired\":true,\"valueName\":\"search_term_string\"}}],\"inLanguage\":\"es\"},{\"@type\":\"Organization\",\"@id\":\"https:\\\/\\\/meritmusic.org\\\/#organization\",\"name\":\"Merit School of Music\",\"url\":\"https:\\\/\\\/meritmusic.org\\\/\",\"logo\":{\"@type\":\"ImageObject\",\"inLanguage\":\"es\",\"@id\":\"https:\\\/\\\/meritmusic.org\\\/#\\\/schema\\\/logo\\\/image\\\/\",\"url\":\"https:\\\/\\\/i0.wp.com\\\/meritmusic.org\\\/wp-content\\\/uploads\\\/2022\\\/09\\\/Merit_logo.png?fit=195%2C90&ssl=1\",\"contentUrl\":\"https:\\\/\\\/i0.wp.com\\\/meritmusic.org\\\/wp-content\\\/uploads\\\/2022\\\/09\\\/Merit_logo.png?fit=195%2C90&ssl=1\",\"width\":195,\"height\":90,\"caption\":\"Merit School of Music\"},\"image\":{\"@id\":\"https:\\\/\\\/meritmusic.org\\\/#\\\/schema\\\/logo\\\/image\\\/\"}},{\"@type\":\"Person\",\"@id\":\"https:\\\/\\\/meritmusic.org\\\/#\\\/schema\\\/person\\\/b2ba4a8afed782375e438a06f7e46d96\",\"name\":\"marketing@meritmusic.org\",\"image\":{\"@type\":\"ImageObject\",\"inLanguage\":\"es\",\"@id\":\"https:\\\/\\\/secure.gravatar.com\\\/avatar\\\/04a9171675ac964882bc99d69969c1909a544e6b42429a5f3ec1f244c84a74dd?s=96&d=mm&r=g\",\"url\":\"https:\\\/\\\/secure.gravatar.com\\\/avatar\\\/04a9171675ac964882bc99d69969c1909a544e6b42429a5f3ec1f244c84a74dd?s=96&d=mm&r=g\",\"contentUrl\":\"https:\\\/\\\/secure.gravatar.com\\\/avatar\\\/04a9171675ac964882bc99d69969c1909a544e6b42429a5f3ec1f244c84a74dd?s=96&d=mm&r=g\",\"caption\":\"marketing@meritmusic.org\"},\"url\":\"https:\\\/\\\/meritmusic.org\\\/es\\\/author\\\/marketingmeritmusic-org\\\/\"}]}<\/script>\n<!-- \/ Yoast SEO plugin. -->","yoast_head_json":{"title":"Una conversaci\u00f3n con la Fundaci\u00f3n para la Rehabilitaci\u00f3n Auditiva y del Habla y Sally Blandon de Merit - Escuela de M\u00fasica Merit","robots":{"index":"index","follow":"follow","max-snippet":"max-snippet:-1","max-image-preview":"max-image-preview:large","max-video-preview":"max-video-preview:-1"},"canonical":"https:\/\/meritmusic.org\/es\/fhsr-deaf-hearing-music-education\/","og_locale":"es_MX","og_type":"article","og_title":"A Conversation with The Foundation for Hearing & Speech Rehabilitation and Merit's Sally Blandon - Merit School of Music","og_description":"Merit School of Music is a proud partner of The Foundation for Hearing and Speech Rehabilitation&#8217;s (FHSR) Music to My Ears program. Launched in 2019, the Music to My Ears [&hellip;]","og_url":"https:\/\/meritmusic.org\/es\/fhsr-deaf-hearing-music-education\/","og_site_name":"Merit School of Music","article_published_time":"2020-11-17T19:52:27+00:00","article_modified_time":"2024-03-25T19:25:48+00:00","og_image":[{"width":2000,"height":2000,"url":"https:\/\/meritmusic.org\/wp-content\/uploads\/2023\/02\/mesh-gradient-151.jpg","type":"image\/jpeg"}],"author":"marketing@meritmusic.org","twitter_card":"summary_large_image","twitter_misc":{"Escrito por":"marketing@meritmusic.org","Tiempo de lectura":"1 minuto"},"schema":{"@context":"https:\/\/schema.org","@graph":[{"@type":"Article","@id":"https:\/\/meritmusic.org\/fhsr-deaf-hearing-music-education\/#article","isPartOf":{"@id":"https:\/\/meritmusic.org\/fhsr-deaf-hearing-music-education\/"},"author":{"name":"marketing@meritmusic.org","@id":"https:\/\/meritmusic.org\/#\/schema\/person\/b2ba4a8afed782375e438a06f7e46d96"},"headline":"A Conversation with The Foundation for Hearing &#038; Speech Rehabilitation and Merit&#8217;s Sally Blandon","datePublished":"2020-11-17T19:52:27+00:00","dateModified":"2024-03-25T19:25:48+00:00","mainEntityOfPage":{"@id":"https:\/\/meritmusic.org\/fhsr-deaf-hearing-music-education\/"},"wordCount":178,"publisher":{"@id":"https:\/\/meritmusic.org\/#organization"},"image":{"@id":"https:\/\/meritmusic.org\/fhsr-deaf-hearing-music-education\/#primaryimage"},"thumbnailUrl":"https:\/\/i0.wp.com\/meritmusic.org\/wp-content\/uploads\/2023\/02\/mesh-gradient-151.jpg?fit=2000%2C2000&ssl=1","articleSection":["Stories"],"inLanguage":"es"},{"@type":"WebPage","@id":"https:\/\/meritmusic.org\/fhsr-deaf-hearing-music-education\/","url":"https:\/\/meritmusic.org\/fhsr-deaf-hearing-music-education\/","name":"Una conversaci\u00f3n con la Fundaci\u00f3n para la Rehabilitaci\u00f3n Auditiva y del Habla y Sally Blandon de Merit - Escuela de M\u00fasica Merit","isPartOf":{"@id":"https:\/\/meritmusic.org\/#website"},"primaryImageOfPage":{"@id":"https:\/\/meritmusic.org\/fhsr-deaf-hearing-music-education\/#primaryimage"},"image":{"@id":"https:\/\/meritmusic.org\/fhsr-deaf-hearing-music-education\/#primaryimage"},"thumbnailUrl":"https:\/\/i0.wp.com\/meritmusic.org\/wp-content\/uploads\/2023\/02\/mesh-gradient-151.jpg?fit=2000%2C2000&ssl=1","datePublished":"2020-11-17T19:52:27+00:00","dateModified":"2024-03-25T19:25:48+00:00","breadcrumb":{"@id":"https:\/\/meritmusic.org\/fhsr-deaf-hearing-music-education\/#breadcrumb"},"inLanguage":"es","potentialAction":[{"@type":"ReadAction","target":["https:\/\/meritmusic.org\/fhsr-deaf-hearing-music-education\/"]}]},{"@type":"ImageObject","inLanguage":"es","@id":"https:\/\/meritmusic.org\/fhsr-deaf-hearing-music-education\/#primaryimage","url":"https:\/\/i0.wp.com\/meritmusic.org\/wp-content\/uploads\/2023\/02\/mesh-gradient-151.jpg?fit=2000%2C2000&ssl=1","contentUrl":"https:\/\/i0.wp.com\/meritmusic.org\/wp-content\/uploads\/2023\/02\/mesh-gradient-151.jpg?fit=2000%2C2000&ssl=1","width":2000,"height":2000},{"@type":"BreadcrumbList","@id":"https:\/\/meritmusic.org\/fhsr-deaf-hearing-music-education\/#breadcrumb","itemListElement":[{"@type":"ListItem","position":1,"name":"Home","item":"https:\/\/meritmusic.org\/"},{"@type":"ListItem","position":2,"name":"A Conversation with The Foundation for Hearing &#038; Speech Rehabilitation and Merit&#8217;s Sally Blandon"}]},{"@type":"WebSite","@id":"https:\/\/meritmusic.org\/#website","url":"https:\/\/meritmusic.org\/","name":"Escuela de M\u00fasica al M\u00e9rito","description":"Merit School of Music es una escuela de m\u00fasica acreditada a nivel nacional ubicada en Chicago, que elimina las barreras a la educaci\u00f3n musical de alta calidad.","publisher":{"@id":"https:\/\/meritmusic.org\/#organization"},"potentialAction":[{"@type":"SearchAction","target":{"@type":"EntryPoint","urlTemplate":"https:\/\/meritmusic.org\/?s={search_term_string}"},"query-input":{"@type":"PropertyValueSpecification","valueRequired":true,"valueName":"search_term_string"}}],"inLanguage":"es"},{"@type":"Organization","@id":"https:\/\/meritmusic.org\/#organization","name":"Escuela de M\u00fasica al M\u00e9rito","url":"https:\/\/meritmusic.org\/","logo":{"@type":"ImageObject","inLanguage":"es","@id":"https:\/\/meritmusic.org\/#\/schema\/logo\/image\/","url":"https:\/\/i0.wp.com\/meritmusic.org\/wp-content\/uploads\/2022\/09\/Merit_logo.png?fit=195%2C90&ssl=1","contentUrl":"https:\/\/i0.wp.com\/meritmusic.org\/wp-content\/uploads\/2022\/09\/Merit_logo.png?fit=195%2C90&ssl=1","width":195,"height":90,"caption":"Merit School of Music"},"image":{"@id":"https:\/\/meritmusic.org\/#\/schema\/logo\/image\/"}},{"@type":"Person","@id":"https:\/\/meritmusic.org\/#\/schema\/person\/b2ba4a8afed782375e438a06f7e46d96","name":"marketing@meritmusic.org","image":{"@type":"ImageObject","inLanguage":"es","@id":"https:\/\/secure.gravatar.com\/avatar\/04a9171675ac964882bc99d69969c1909a544e6b42429a5f3ec1f244c84a74dd?s=96&d=mm&r=g","url":"https:\/\/secure.gravatar.com\/avatar\/04a9171675ac964882bc99d69969c1909a544e6b42429a5f3ec1f244c84a74dd?s=96&d=mm&r=g","contentUrl":"https:\/\/secure.gravatar.com\/avatar\/04a9171675ac964882bc99d69969c1909a544e6b42429a5f3ec1f244c84a74dd?s=96&d=mm&r=g","caption":"marketing@meritmusic.org"},"url":"https:\/\/meritmusic.org\/es\/author\/marketingmeritmusic-org\/"}]}},"jetpack_featured_media_url":"https:\/\/i0.wp.com\/meritmusic.org\/wp-content\/uploads\/2023\/02\/mesh-gradient-151.jpg?fit=2000%2C2000&ssl=1","jetpack_sharing_enabled":true,"_links":{"self":[{"href":"https:\/\/meritmusic.org\/es\/wp-json\/wp\/v2\/posts\/24503","targetHints":{"allow":["GET"]}}],"collection":[{"href":"https:\/\/meritmusic.org\/es\/wp-json\/wp\/v2\/posts"}],"about":[{"href":"https:\/\/meritmusic.org\/es\/wp-json\/wp\/v2\/types\/post"}],"author":[{"embeddable":true,"href":"https:\/\/meritmusic.org\/es\/wp-json\/wp\/v2\/users\/12"}],"replies":[{"embeddable":true,"href":"https:\/\/meritmusic.org\/es\/wp-json\/wp\/v2\/comments?post=24503"}],"version-history":[{"count":0,"href":"https:\/\/meritmusic.org\/es\/wp-json\/wp\/v2\/posts\/24503\/revisions"}],"wp:featuredmedia":[{"embeddable":true,"href":"https:\/\/meritmusic.org\/es\/wp-json\/wp\/v2\/media\/31487"}],"wp:attachment":[{"href":"https:\/\/meritmusic.org\/es\/wp-json\/wp\/v2\/media?parent=24503"}],"wp:term":[{"taxonomy":"category","embeddable":true,"href":"https:\/\/meritmusic.org\/es\/wp-json\/wp\/v2\/categories?post=24503"},{"taxonomy":"post_tag","embeddable":true,"href":"https:\/\/meritmusic.org\/es\/wp-json\/wp\/v2\/tags?post=24503"},{"taxonomy":"post_folder","embeddable":true,"href":"https:\/\/meritmusic.org\/es\/wp-json\/wp\/v2\/post_folder?post=24503"}],"curies":[{"name":"gracias","href":"https:\/\/api.w.org\/{rel}","templated":true}]}}